{"id":990203,"date":"2023-05-19T11:49:35","date_gmt":"2023-05-19T08:49:35","guid":{"rendered":"https:\/\/www.wayanatapas.com\/?p=990203"},"modified":"2026-07-20T11:28:36","modified_gmt":"2026-07-20T08:28:36","slug":"vitis-vinifera-sylvestris","status":"publish","type":"post","link":"https:\/\/www.wayanatapas.com\/en\/vitis-vinifera-sylvestris\/","title":{"rendered":"Vitis vinifera sylvestris"},"content":{"rendered":"<div class=\"vgblk-rw-wrapper limit-wrapper\"><img fetchpriority=\"high\" decoding=\"async\" class=\"alignleft\" src=\"https:\/\/www.wayanatapas.com\/wp-content\/uploads\/2023\/05\/asma4-300x300.jpeg\" alt=\"\" width=\"300\" height=\"300\" \/><\/p>\n<p>Ba\u015fl\u0131k g\u00fcnl\u00fck dilimizdeki s\u00f6zc\u00fcklerimizle uzaktan yak\u0131ndan ili\u015fki kurmam\u0131za izin vermiyor. Onun i\u00e7in biraz gerilere giderek asman\u0131n ve meyvesi \u00fcz\u00fcm\u00fcn hik\u00e2yesine g\u00f6z atal\u0131m.<\/p>\n<p>In our time travel to the past of our planet, we know from its petrified remains that the ivy vine has existed on Earth for about 500 million years. This time period is so old that all the continents have not been gathered together yet. The wild vine, which continued to exist in the Pangea supercontinent, which was formed by the gathering of all lands about 335 million years ago, managed to gain a place for itself in almost every continent when the continents separated and reached their present location.<\/p>\n<p>&nbsp;<\/p>\n<p>&nbsp;<\/p>\n<p><img decoding=\"async\" class=\"alignleft\" src=\"https:\/\/www.wayanatapas.com\/wp-content\/uploads\/2023\/05\/asma3-300x300.jpeg\" alt=\"\" width=\"300\" height=\"300\" \/><\/p>\n<p>G\u00fcn\u00fcm\u00fcze kadar gelen \u00f6rneklere bak\u0131ld\u0131\u011f\u0131nda, yabani asman\u0131n yakla\u015f\u0131k 100 \u00e7e\u015fidinin \u00e7e\u015fitli k\u0131talarda varl\u0131\u011f\u0131n\u0131 s\u00fcrd\u00fcrd\u00fc\u011f\u00fc biliniyor. Ama bu asmalardan Avrasya topraklar\u0131nda yeti\u015fen yaln\u0131zca bir tanesi atalar\u0131m\u0131z taraf\u0131ndan evcille\u015ftiriliyor ve bug\u00fcn ba\u011flar\u0131m\u0131zda yeti\u015fen \u00fcz\u00fcmlerin hepsine annelik yap\u0131yor. \u0130\u015fte bu yabani asma t\u00fcr\u00fcn\u00fcn ad\u0131, yaz\u0131m\u0131z\u0131n da ba\u015fl\u0131\u011f\u0131 olan Vitis vinifera sylvestris.<\/p>\n<p>Yabani asman\u0131n yakla\u015f\u0131k 100 \u00e7e\u015fidi neredeyse b\u00fct\u00fcn k\u0131talara yay\u0131lm\u0131\u015f. \u0130nsan, yabani asman\u0131n yeti\u015fti\u011fi b\u00fct\u00fcn co\u011frafyalarda var, ama asmadan elde edilen \u00fcz\u00fcm ne meyve ne de \u00fcz\u00fcmden yap\u0131lan yiyecekler olarak Avrasya d\u0131\u015f\u0131nda bu co\u011frafyalarda ya\u015fayan topluluklar\u0131n besin gruplar\u0131nda yer alm\u0131yor. Elbette hen\u00fcz ham hali bile t\u00fcketilmedi\u011finden daha ileri derecede i\u015flenmi\u015f \u00fcz\u00fcm \u00fcr\u00fcn\u00fc \u00f6rne\u011fi olarak \u015farap da bu b\u00f6lgelerde ya\u015fayanlar\u0131n hayatlar\u0131n\u0131n bir par\u00e7as\u0131 olmam\u0131\u015f.<\/p>\n<p>&nbsp;<\/p>\n<p><img decoding=\"async\" class=\"alignleft\" src=\"https:\/\/www.wayanatapas.com\/wp-content\/uploads\/2023\/05\/asma2-300x300.jpeg\" alt=\"\" width=\"300\" height=\"300\" \/><\/p>\n<p>We do not yet know who or by which community the Eurasian wild vine was first cultivated. But we know that the grapes of the vines we grow in our vineyards and the grapes of the wild vine show differences. In addition, by examining the grape seeds obtained by archaeobotanists during excavations, it is possible to understand whether they are wild grapes or grown grapes.<\/p>\n<p>&nbsp;<\/p>\n<p>&nbsp;<\/p>\n<p>&nbsp;<\/p>\n<p>&nbsp;<\/p>\n<p>&nbsp;<\/p>\n<p>&nbsp;<\/p>\n<p>&nbsp;<\/p>\n<p><img loading=\"lazy\" decoding=\"async\" src=\"https:\/\/www.wayanatapas.com\/wp-content\/uploads\/2023\/05\/asma1-300x300.jpeg\" alt=\"\" width=\"300\" height=\"300\" \/><\/p>\n<p>\u00d6zetle, bizim bug\u00fcn Syrah, Merlot, Chardonnay, \u00d6k\u00fczg\u00f6z\u00fc, Emir gibi isimlerle tan\u0131d\u0131\u011f\u0131m\u0131z, yeti\u015ftirdi\u011fimiz ve i\u015fleyip \u015farap yapt\u0131\u011f\u0131m\u0131z \u00fcz\u00fcmlerin hepsinin bir ortak anas\u0131 var: Vitis vinifera sylvestris.<\/p>\n<p>\u0130yi ki var olmu\u015fsun Vitis vinifera sylvestris.<\/p>\n<h3 data-path-to-node=\"14\">\u0130lginizi \u00c7ekebilir:<\/h3>\n<p data-path-to-node=\"15\"><b data-path-to-node=\"15\" data-index-in-node=\"0\">Vitis Vinifera Sylvestris<\/b>\u2019in orman kuytular\u0131ndan s\u00fcz\u00fclen bu b\u00fcy\u00fcleyici evrim ser\u00fcveninden sonra, asman\u0131n antik genetik haritas\u0131n\u0131, Mezopotamya\u2019n\u0131n kadim \u00fcretim bi\u00e7imlerini ve \u015farap kimyas\u0131n\u0131 anlatan yaz\u0131lar\u0131m\u0131z da ilginizi \u00e7ekebilir:<\/p>\n<ul data-path-to-node=\"16\">\n<li>\n<p data-path-to-node=\"16,0,0\">Asman\u0131n bu yabani formundan evcille\u015fmeye uzanan 8000 y\u0131ll\u0131k genetik yolculu\u011funu, arkeolojik kaz\u0131lar ve laboratuvar verileriyle incelemek i\u00e7in <strong><span style=\"color: #3366ff;\"><a class=\"ng-star-inserted\" style=\"color: #3366ff;\" href=\"https:\/\/www.wayanatapas.com\/en\/sarabin-bilimsel-tarihi-antik-dna\/\" target=\"_blank\" rel=\"noopener\" data-hveid=\"0\" data-ved=\"0CAAQ_4QMahgKEwiG89Wi2uCVAxUAAAAAHQAAAAAQ2QE\">Genlerin Haf\u0131zas\u0131: Asman\u0131n 8000 Y\u0131ll\u0131k Yolculu\u011fu<\/a> <\/span><\/strong>tarihsel ara\u015ft\u0131rmam\u0131z\u0131 ke\u015ffedebilirsiniz.<\/p>\n<\/li>\n<li>\n<p data-path-to-node=\"16,1,0\">Bu yabani tanelerin evcille\u015ftirilmesinin ard\u0131ndan, T\u00fcrk ve Osmanl\u0131 co\u011frafyas\u0131nda geli\u015ftirilen o en s\u0131ra d\u0131\u015f\u0131 yo\u011funla\u015ft\u0131r\u0131lm\u0131\u015f \u00fcretim tekni\u011fini okumak i\u00e7in <a class=\"ng-star-inserted\" href=\"https:\/\/www.wayanatapas.com\/en\/muselles\/\" target=\"_blank\" rel=\"noopener\" data-hveid=\"0\" data-ved=\"0CAAQ_4QMahgKEwiG89Wi2uCVAxUAAAAAHQAAAAAQ2gE\"><strong><span style=\"color: #3366ff;\">M\u00fcselles: T\u00fcrk ve Osmanl\u0131 Tarihinin Unutulmu\u015f Kaynat\u0131lm\u0131\u015f \u015earab\u0131<\/span><\/strong> <\/a>makalemizi ziyaret edebilirsiniz.<\/p>\n<\/li>\n<li>\n<p data-path-to-node=\"16,2,0\">Yabani asman\u0131n tanelerinden modern kadehlere miras kalan, \u015faraba o diri, ferahlat\u0131c\u0131 ve canl\u0131 omurgay\u0131 kazand\u0131ran en temel dinami\u011fi \u00f6\u011frenmek i\u00e7in <strong><span style=\"color: #3366ff;\"><a class=\"ng-star-inserted\" style=\"color: #3366ff;\" href=\"https:\/\/www.wayanatapas.com\/en\/sarapta-asitlik-kavrami\/\" target=\"_blank\" rel=\"noopener\" data-hveid=\"0\" data-ved=\"0CAAQ_4QMahgKEwiG89Wi2uCVAxUAAAAAHQAAAAAQ2wE\">\u015earapta Asitlik Kavram\u0131: Canl\u0131l\u0131k, Tazelik ve Teruar Dengesi<\/a><\/span><\/strong> kavramsal rehberimize g\u00f6z atabilirsiniz.<\/p>\n<\/li>\n<li>\n<p data-path-to-node=\"16,3,0\">Evcille\u015fen bu tanelerin i\u00e7indeki \u015fekeri alkole ve o zengin ikincil aromatik molek\u00fcllere d\u00f6n\u00fc\u015ft\u00fcren gizli biyolojik ortaklar\u0131m\u0131z\u0131n \u00f6yk\u00fcs\u00fc i\u00e7in <strong><span style=\"color: #3366ff;\"><a class=\"ng-star-inserted\" style=\"color: #3366ff;\" href=\"https:\/\/www.wayanatapas.com\/en\/sarap-mayasi\/\" target=\"_blank\" rel=\"noopener\" data-hveid=\"0\" data-ved=\"0CAAQ_4QMahgKEwiG89Wi2uCVAxUAAAAAHQAAAAAQ3AE\">\u015earap Mayas\u0131: Fermantasyonun Gizli Kahramanlar\u0131 ve K\u00fclt\u00fcr Mayalar\u0131<\/a><\/span><\/strong> monografimizi inceleyebilirsiniz.<\/p>\n<\/li>\n<\/ul>\n<\/div>\n<p><!-- .vgblk-rw-wrapper --><\/p>","protected":false},"excerpt":{"rendered":"<p>The title does not allow us to relate to the words of our daily language even remotely. So, let's go back a bit and take a look at the story of the vine and its fruit grape.<\/p>","protected":false},"author":1,"featured_media":990202,"comment_status":"closed","ping_status":"closed","sticky":false,"template":"","format":"standard","meta":{"_joinchat":[],"footnotes":""},"categories":[276],"tags":[945,1771,369,1691,1772,1773,1770,926,465],"class_list":["post-990203","post","type-post","status-publish","format-standard","has-post-thumbnail","hentry","category-bagcilik-ve-asmalar","tag-ampelografi","tag-asmanin-evrimi","tag-bagcilik-tarihi","tag-enoloji-tarihi","tag-kultur-asmasi","tag-vitis-vinifera-sativa","tag-vitis-vinifera-sylvestris","tag-wayana-blog","tag-yabani-asma"],"yoast_head":"<!-- This site is optimized with the Yoast SEO plugin v27.7 - https:\/\/yoast.com\/product\/yoast-seo-wordpress\/ -->\n<title>Vitis vinifera sylvestris - Wayana Wine Bar<\/title>\n<meta name=\"description\" content=\"K\u00fclt\u00fcr asmas\u0131n\u0131n yery\u00fcz\u00fcndeki ilk yabani atas\u0131 Vitis Vinifera Sylvestris nedir? Evrimsel biyolojisini, yabani ba\u011flar\u0131 ve evcille\u015fme tarihini ke\u015ffedin.\" \/>\n<meta name=\"robots\" content=\"index, follow, max-snippet:-1, max-image-preview:large, max-video-preview:-1\" \/>\n<link rel=\"canonical\" href=\"https:\/\/www.wayanatapas.com\/en\/vitis-vinifera-sylvestris\/\" \/>\n<meta property=\"og:locale\" content=\"en_US\" \/>\n<meta property=\"og:type\" content=\"article\" \/>\n<meta property=\"og:title\" content=\"Vitis vinifera sylvestris - Wayana Wine Bar\" \/>\n<meta property=\"og:description\" content=\"K\u00fclt\u00fcr asmas\u0131n\u0131n yery\u00fcz\u00fcndeki ilk yabani atas\u0131 Vitis Vinifera Sylvestris nedir? Evrimsel biyolojisini, yabani ba\u011flar\u0131 ve evcille\u015fme tarihini ke\u015ffedin.\" \/>\n<meta property=\"og:url\" content=\"https:\/\/www.wayanatapas.com\/en\/vitis-vinifera-sylvestris\/\" \/>\n<meta property=\"og:site_name\" content=\"Wayana Wine Bar\" \/>\n<meta property=\"article:publisher\" content=\"https:\/\/www.facebook.com\/wayanatapas\/\" \/>\n<meta property=\"article:published_time\" content=\"2023-05-19T08:49:35+00:00\" \/>\n<meta property=\"article:modified_time\" content=\"2026-07-20T08:28:36+00:00\" \/>\n<meta property=\"og:image\" content=\"https:\/\/www.wayanatapas.com\/wp-content\/uploads\/2023\/05\/umuz_asma.jpg\" \/>\n\t<meta property=\"og:image:width\" content=\"1280\" \/>\n\t<meta property=\"og:image:height\" content=\"848\" \/>\n\t<meta property=\"og:image:type\" content=\"image\/jpeg\" \/>\n<meta name=\"author\" content=\"Admin_Wayana\" \/>\n<meta name=\"twitter:card\" content=\"summary_large_image\" \/>\n<meta name=\"twitter:label1\" content=\"Written by\" \/>\n\t<meta name=\"twitter:data1\" content=\"Admin_Wayana\" \/>\n\t<meta name=\"twitter:label2\" content=\"Est. reading time\" \/>\n\t<meta name=\"twitter:data2\" content=\"4 minutes\" \/>\n<script type=\"application\/ld+json\" class=\"yoast-schema-graph\">{\"@context\":\"https:\\\/\\\/schema.org\",\"@graph\":[{\"@type\":\"Article\",\"@id\":\"https:\\\/\\\/www.wayanatapas.com\\\/vitis-vinifera-sylvestris\\\/#article\",\"isPartOf\":{\"@id\":\"https:\\\/\\\/www.wayanatapas.com\\\/vitis-vinifera-sylvestris\\\/\"},\"author\":{\"name\":\"Admin_Wayana\",\"@id\":\"https:\\\/\\\/www.wayanatapas.com\\\/#\\\/schema\\\/person\\\/b935cb3cf25a9a9577a770fdda18d46f\"},\"headline\":\"Vitis vinifera sylvestris\",\"datePublished\":\"2023-05-19T08:49:35+00:00\",\"dateModified\":\"2026-07-20T08:28:36+00:00\",\"mainEntityOfPage\":{\"@id\":\"https:\\\/\\\/www.wayanatapas.com\\\/vitis-vinifera-sylvestris\\\/\"},\"wordCount\":662,\"publisher\":{\"@id\":\"https:\\\/\\\/www.wayanatapas.com\\\/#organization\"},\"image\":{\"@id\":\"https:\\\/\\\/www.wayanatapas.com\\\/vitis-vinifera-sylvestris\\\/#primaryimage\"},\"thumbnailUrl\":\"https:\\\/\\\/www.wayanatapas.com\\\/wp-content\\\/uploads\\\/2023\\\/05\\\/umuz_asma.jpg\",\"keywords\":[\"ampelografi\",\"asman\u0131n evrimi\",\"Ba\u011fc\u0131l\u0131k Tarihi\",\"enoloji tarihi\",\"k\u00fclt\u00fcr asmas\u0131\",\"Vitis vinifera sativa\",\"Vitis Vinifera Sylvestris\",\"WAYANA blog\",\"yabani asma\"],\"articleSection\":[\"Ba\u011fc\u0131l\u0131k ve Asmalar\"],\"inLanguage\":\"en-US\"},{\"@type\":\"WebPage\",\"@id\":\"https:\\\/\\\/www.wayanatapas.com\\\/vitis-vinifera-sylvestris\\\/\",\"url\":\"https:\\\/\\\/www.wayanatapas.com\\\/vitis-vinifera-sylvestris\\\/\",\"name\":\"Vitis vinifera sylvestris - Wayana Wine Bar\",\"isPartOf\":{\"@id\":\"https:\\\/\\\/www.wayanatapas.com\\\/#website\"},\"primaryImageOfPage\":{\"@id\":\"https:\\\/\\\/www.wayanatapas.com\\\/vitis-vinifera-sylvestris\\\/#primaryimage\"},\"image\":{\"@id\":\"https:\\\/\\\/www.wayanatapas.com\\\/vitis-vinifera-sylvestris\\\/#primaryimage\"},\"thumbnailUrl\":\"https:\\\/\\\/www.wayanatapas.com\\\/wp-content\\\/uploads\\\/2023\\\/05\\\/umuz_asma.jpg\",\"datePublished\":\"2023-05-19T08:49:35+00:00\",\"dateModified\":\"2026-07-20T08:28:36+00:00\",\"description\":\"K\u00fclt\u00fcr asmas\u0131n\u0131n yery\u00fcz\u00fcndeki ilk yabani atas\u0131 Vitis Vinifera Sylvestris nedir? Evrimsel biyolojisini, yabani ba\u011flar\u0131 ve evcille\u015fme tarihini ke\u015ffedin.\",\"breadcrumb\":{\"@id\":\"https:\\\/\\\/www.wayanatapas.com\\\/vitis-vinifera-sylvestris\\\/#breadcrumb\"},\"inLanguage\":\"en-US\",\"potentialAction\":[{\"@type\":\"ReadAction\",\"target\":[\"https:\\\/\\\/www.wayanatapas.com\\\/vitis-vinifera-sylvestris\\\/\"]}]},{\"@type\":\"ImageObject\",\"inLanguage\":\"en-US\",\"@id\":\"https:\\\/\\\/www.wayanatapas.com\\\/vitis-vinifera-sylvestris\\\/#primaryimage\",\"url\":\"https:\\\/\\\/www.wayanatapas.com\\\/wp-content\\\/uploads\\\/2023\\\/05\\\/umuz_asma.jpg\",\"contentUrl\":\"https:\\\/\\\/www.wayanatapas.com\\\/wp-content\\\/uploads\\\/2023\\\/05\\\/umuz_asma.jpg\",\"width\":1280,\"height\":848},{\"@type\":\"BreadcrumbList\",\"@id\":\"https:\\\/\\\/www.wayanatapas.com\\\/vitis-vinifera-sylvestris\\\/#breadcrumb\",\"itemListElement\":[{\"@type\":\"ListItem\",\"position\":1,\"name\":\"Anasayfa\",\"item\":\"https:\\\/\\\/www.wayanatapas.com\\\/\"},{\"@type\":\"ListItem\",\"position\":2,\"name\":\"Vitis vinifera sylvestris\"}]},{\"@type\":\"WebSite\",\"@id\":\"https:\\\/\\\/www.wayanatapas.com\\\/#website\",\"url\":\"https:\\\/\\\/www.wayanatapas.com\\\/\",\"name\":\"Wayana Wine Bar\",\"description\":\"Wayana Tapas\",\"publisher\":{\"@id\":\"https:\\\/\\\/www.wayanatapas.com\\\/#organization\"},\"potentialAction\":[{\"@type\":\"SearchAction\",\"target\":{\"@type\":\"EntryPoint\",\"urlTemplate\":\"https:\\\/\\\/www.wayanatapas.com\\\/?s={search_term_string}\"},\"query-input\":{\"@type\":\"PropertyValueSpecification\",\"valueRequired\":true,\"valueName\":\"search_term_string\"}}],\"inLanguage\":\"en-US\"},{\"@type\":\"Organization\",\"@id\":\"https:\\\/\\\/www.wayanatapas.com\\\/#organization\",\"name\":\"Wayana Wine Bar\",\"url\":\"https:\\\/\\\/www.wayanatapas.com\\\/\",\"logo\":{\"@type\":\"ImageObject\",\"inLanguage\":\"en-US\",\"@id\":\"https:\\\/\\\/www.wayanatapas.com\\\/#\\\/schema\\\/logo\\\/image\\\/\",\"url\":\"https:\\\/\\\/www.wayanatapas.com\\\/wp-content\\\/uploads\\\/2023\\\/11\\\/LOGOTYPE-WAYANA-03.png\",\"contentUrl\":\"https:\\\/\\\/www.wayanatapas.com\\\/wp-content\\\/uploads\\\/2023\\\/11\\\/LOGOTYPE-WAYANA-03.png\",\"width\":626,\"height\":209,\"caption\":\"Wayana Wine Bar\"},\"image\":{\"@id\":\"https:\\\/\\\/www.wayanatapas.com\\\/#\\\/schema\\\/logo\\\/image\\\/\"},\"sameAs\":[\"https:\\\/\\\/www.facebook.com\\\/wayanatapas\\\/\",\"https:\\\/\\\/www.instagram.com\\\/wayanatapas\\\/\"]},{\"@type\":\"Person\",\"@id\":\"https:\\\/\\\/www.wayanatapas.com\\\/#\\\/schema\\\/person\\\/b935cb3cf25a9a9577a770fdda18d46f\",\"name\":\"Admin_Wayana\",\"image\":{\"@type\":\"ImageObject\",\"inLanguage\":\"en-US\",\"@id\":\"https:\\\/\\\/www.wayanatapas.com\\\/wp-content\\\/litespeed\\\/avatar\\\/24813a40b4ac5fe3ace444a8f914bc1e.jpg?ver=1788219761\",\"url\":\"https:\\\/\\\/www.wayanatapas.com\\\/wp-content\\\/litespeed\\\/avatar\\\/24813a40b4ac5fe3ace444a8f914bc1e.jpg?ver=1788219761\",\"contentUrl\":\"https:\\\/\\\/www.wayanatapas.com\\\/wp-content\\\/litespeed\\\/avatar\\\/24813a40b4ac5fe3ace444a8f914bc1e.jpg?ver=1788219761\",\"caption\":\"Admin_Wayana\"},\"sameAs\":[\"http:\\\/\\\/www.wayanatapas.com\"],\"url\":\"https:\\\/\\\/www.wayanatapas.com\\\/en\\\/author\\\/admin_wayana\\\/\"}]}<\/script>\n<!-- \/ Yoast SEO plugin. -->","yoast_head_json":{"title":"Vitis vinifera sylvestris - Wayana Wine Bar","description":"K\u00fclt\u00fcr asmas\u0131n\u0131n yery\u00fcz\u00fcndeki ilk yabani atas\u0131 Vitis Vinifera Sylvestris nedir? Evrimsel biyolojisini, yabani ba\u011flar\u0131 ve evcille\u015fme tarihini ke\u015ffedin.","robots":{"index":"index","follow":"follow","max-snippet":"max-snippet:-1","max-image-preview":"max-image-preview:large","max-video-preview":"max-video-preview:-1"},"canonical":"https:\/\/www.wayanatapas.com\/en\/vitis-vinifera-sylvestris\/","og_locale":"en_US","og_type":"article","og_title":"Vitis vinifera sylvestris - Wayana Wine Bar","og_description":"K\u00fclt\u00fcr asmas\u0131n\u0131n yery\u00fcz\u00fcndeki ilk yabani atas\u0131 Vitis Vinifera Sylvestris nedir? Evrimsel biyolojisini, yabani ba\u011flar\u0131 ve evcille\u015fme tarihini ke\u015ffedin.","og_url":"https:\/\/www.wayanatapas.com\/en\/vitis-vinifera-sylvestris\/","og_site_name":"Wayana Wine Bar","article_publisher":"https:\/\/www.facebook.com\/wayanatapas\/","article_published_time":"2023-05-19T08:49:35+00:00","article_modified_time":"2026-07-20T08:28:36+00:00","og_image":[{"width":1280,"height":848,"url":"https:\/\/www.wayanatapas.com\/wp-content\/uploads\/2023\/05\/umuz_asma.jpg","type":"image\/jpeg"}],"author":"Admin_Wayana","twitter_card":"summary_large_image","twitter_misc":{"Written by":"Admin_Wayana","Est. reading time":"4 minutes"},"schema":{"@context":"https:\/\/schema.org","@graph":[{"@type":"Article","@id":"https:\/\/www.wayanatapas.com\/vitis-vinifera-sylvestris\/#article","isPartOf":{"@id":"https:\/\/www.wayanatapas.com\/vitis-vinifera-sylvestris\/"},"author":{"name":"Admin_Wayana","@id":"https:\/\/www.wayanatapas.com\/#\/schema\/person\/b935cb3cf25a9a9577a770fdda18d46f"},"headline":"Vitis vinifera sylvestris","datePublished":"2023-05-19T08:49:35+00:00","dateModified":"2026-07-20T08:28:36+00:00","mainEntityOfPage":{"@id":"https:\/\/www.wayanatapas.com\/vitis-vinifera-sylvestris\/"},"wordCount":662,"publisher":{"@id":"https:\/\/www.wayanatapas.com\/#organization"},"image":{"@id":"https:\/\/www.wayanatapas.com\/vitis-vinifera-sylvestris\/#primaryimage"},"thumbnailUrl":"https:\/\/www.wayanatapas.com\/wp-content\/uploads\/2023\/05\/umuz_asma.jpg","keywords":["ampelografi","asman\u0131n evrimi","Ba\u011fc\u0131l\u0131k Tarihi","enoloji tarihi","k\u00fclt\u00fcr asmas\u0131","Vitis vinifera sativa","Vitis Vinifera Sylvestris","WAYANA blog","yabani asma"],"articleSection":["Ba\u011fc\u0131l\u0131k ve Asmalar"],"inLanguage":"en-US"},{"@type":"WebPage","@id":"https:\/\/www.wayanatapas.com\/vitis-vinifera-sylvestris\/","url":"https:\/\/www.wayanatapas.com\/vitis-vinifera-sylvestris\/","name":"Vitis vinifera sylvestris - Wayana Wine Bar","isPartOf":{"@id":"https:\/\/www.wayanatapas.com\/#website"},"primaryImageOfPage":{"@id":"https:\/\/www.wayanatapas.com\/vitis-vinifera-sylvestris\/#primaryimage"},"image":{"@id":"https:\/\/www.wayanatapas.com\/vitis-vinifera-sylvestris\/#primaryimage"},"thumbnailUrl":"https:\/\/www.wayanatapas.com\/wp-content\/uploads\/2023\/05\/umuz_asma.jpg","datePublished":"2023-05-19T08:49:35+00:00","dateModified":"2026-07-20T08:28:36+00:00","description":"K\u00fclt\u00fcr asmas\u0131n\u0131n yery\u00fcz\u00fcndeki ilk yabani atas\u0131 Vitis Vinifera Sylvestris nedir? Evrimsel biyolojisini, yabani ba\u011flar\u0131 ve evcille\u015fme tarihini ke\u015ffedin.","breadcrumb":{"@id":"https:\/\/www.wayanatapas.com\/vitis-vinifera-sylvestris\/#breadcrumb"},"inLanguage":"en-US","potentialAction":[{"@type":"ReadAction","target":["https:\/\/www.wayanatapas.com\/vitis-vinifera-sylvestris\/"]}]},{"@type":"ImageObject","inLanguage":"en-US","@id":"https:\/\/www.wayanatapas.com\/vitis-vinifera-sylvestris\/#primaryimage","url":"https:\/\/www.wayanatapas.com\/wp-content\/uploads\/2023\/05\/umuz_asma.jpg","contentUrl":"https:\/\/www.wayanatapas.com\/wp-content\/uploads\/2023\/05\/umuz_asma.jpg","width":1280,"height":848},{"@type":"BreadcrumbList","@id":"https:\/\/www.wayanatapas.com\/vitis-vinifera-sylvestris\/#breadcrumb","itemListElement":[{"@type":"ListItem","position":1,"name":"Anasayfa","item":"https:\/\/www.wayanatapas.com\/"},{"@type":"ListItem","position":2,"name":"Vitis vinifera sylvestris"}]},{"@type":"WebSite","@id":"https:\/\/www.wayanatapas.com\/#website","url":"https:\/\/www.wayanatapas.com\/","name":"Wayana Wine Bar","description":"Wayana Tapas","publisher":{"@id":"https:\/\/www.wayanatapas.com\/#organization"},"potentialAction":[{"@type":"SearchAction","target":{"@type":"EntryPoint","urlTemplate":"https:\/\/www.wayanatapas.com\/?s={search_term_string}"},"query-input":{"@type":"PropertyValueSpecification","valueRequired":true,"valueName":"search_term_string"}}],"inLanguage":"en-US"},{"@type":"Organization","@id":"https:\/\/www.wayanatapas.com\/#organization","name":"Wayana Wine Bar","url":"https:\/\/www.wayanatapas.com\/","logo":{"@type":"ImageObject","inLanguage":"en-US","@id":"https:\/\/www.wayanatapas.com\/#\/schema\/logo\/image\/","url":"https:\/\/www.wayanatapas.com\/wp-content\/uploads\/2023\/11\/LOGOTYPE-WAYANA-03.png","contentUrl":"https:\/\/www.wayanatapas.com\/wp-content\/uploads\/2023\/11\/LOGOTYPE-WAYANA-03.png","width":626,"height":209,"caption":"Wayana Wine Bar"},"image":{"@id":"https:\/\/www.wayanatapas.com\/#\/schema\/logo\/image\/"},"sameAs":["https:\/\/www.facebook.com\/wayanatapas\/","https:\/\/www.instagram.com\/wayanatapas\/"]},{"@type":"Person","@id":"https:\/\/www.wayanatapas.com\/#\/schema\/person\/b935cb3cf25a9a9577a770fdda18d46f","name":"Admin_Wayana","image":{"@type":"ImageObject","inLanguage":"en-US","@id":"https:\/\/www.wayanatapas.com\/wp-content\/litespeed\/avatar\/24813a40b4ac5fe3ace444a8f914bc1e.jpg?ver=1788219761","url":"https:\/\/www.wayanatapas.com\/wp-content\/litespeed\/avatar\/24813a40b4ac5fe3ace444a8f914bc1e.jpg?ver=1788219761","contentUrl":"https:\/\/www.wayanatapas.com\/wp-content\/litespeed\/avatar\/24813a40b4ac5fe3ace444a8f914bc1e.jpg?ver=1788219761","caption":"Admin_Wayana"},"sameAs":["http:\/\/www.wayanatapas.com"],"url":"https:\/\/www.wayanatapas.com\/en\/author\/admin_wayana\/"}]}},"_links":{"self":[{"href":"https:\/\/www.wayanatapas.com\/en\/wp-json\/wp\/v2\/posts\/990203","targetHints":{"allow":["GET"]}}],"collection":[{"href":"https:\/\/www.wayanatapas.com\/en\/wp-json\/wp\/v2\/posts"}],"about":[{"href":"https:\/\/www.wayanatapas.com\/en\/wp-json\/wp\/v2\/types\/post"}],"author":[{"embeddable":true,"href":"https:\/\/www.wayanatapas.com\/en\/wp-json\/wp\/v2\/users\/1"}],"replies":[{"embeddable":true,"href":"https:\/\/www.wayanatapas.com\/en\/wp-json\/wp\/v2\/comments?post=990203"}],"version-history":[{"count":3,"href":"https:\/\/www.wayanatapas.com\/en\/wp-json\/wp\/v2\/posts\/990203\/revisions"}],"predecessor-version":[{"id":994039,"href":"https:\/\/www.wayanatapas.com\/en\/wp-json\/wp\/v2\/posts\/990203\/revisions\/994039"}],"wp:featuredmedia":[{"embeddable":true,"href":"https:\/\/www.wayanatapas.com\/en\/wp-json\/wp\/v2\/media\/990202"}],"wp:attachment":[{"href":"https:\/\/www.wayanatapas.com\/en\/wp-json\/wp\/v2\/media?parent=990203"}],"wp:term":[{"taxonomy":"category","embeddable":true,"href":"https:\/\/www.wayanatapas.com\/en\/wp-json\/wp\/v2\/categories?post=990203"},{"taxonomy":"post_tag","embeddable":true,"href":"https:\/\/www.wayanatapas.com\/en\/wp-json\/wp\/v2\/tags?post=990203"}],"curies":[{"name":"wp","href":"https:\/\/api.w.org\/{rel}","templated":true}]}}