{"id":990310,"date":"2023-06-13T12:00:00","date_gmt":"2023-06-13T09:00:00","guid":{"rendered":"https:\/\/www.wayanatapas.com\/?p=990310"},"modified":"2026-07-26T14:13:37","modified_gmt":"2026-07-26T11:13:37","slug":"bilbizeki","status":"publish","type":"post","link":"https:\/\/www.wayanatapas.com\/en\/bilbizeki\/","title":{"rendered":"Bilbizeki"},"content":{"rendered":"<div class=\"vgblk-rw-wrapper limit-wrapper\">\n<p data-path-to-node=\"8\">Anadolu\u2019nun g\u00fcneydo\u011fu ucuna, medeniyetlerin k\u00f6k sald\u0131\u011f\u0131 Mezopotamya\u2019n\u0131n y\u00fcksek da\u011f vadilerine do\u011fru bakt\u0131\u011f\u0131m\u0131zda, pop\u00fcler ba\u011fc\u0131l\u0131k merkezlerinin \u00e7ok uza\u011f\u0131nda kalm\u0131\u015f ger\u00e7ek enolojik hazinelerle kar\u015f\u0131la\u015f\u0131r\u0131z. \u015e\u0131rnak, Siirt ve Hakkari\u2019nin o zorlu, sarp ve y\u00fcksek rak\u0131ml\u0131 teruar\u0131nda as\u0131rlard\u0131r yerel tar\u0131m haf\u0131zas\u0131n\u0131n bir par\u00e7as\u0131 olarak hayatta kalmay\u0131 ba\u015faran <b data-path-to-node=\"8\" data-index-in-node=\"357\">Bilbizeki<\/b>, bu kadim co\u011frafyan\u0131n sakl\u0131 kalm\u0131\u015f en \u00f6zg\u00fcn beyaz temsilcilerinden biridir.<\/p>\n<p><img fetchpriority=\"high\" decoding=\"async\" class=\"alignleft\" src=\"https:\/\/www.wayanatapas.com\/wp-content\/uploads\/2023\/06\/Bilbizeki3-300x300.jpeg\" alt=\"Bilbizeki\" width=\"300\" height=\"300\" \/><\/p>\n<p>G\u00fcneydo\u011fu Anadolu b\u00f6lgemiz as\u0131rlard\u0131r bu topraklarda ya\u015fayan S\u00fcryanilere ev sahipli\u011fi yapar. Osmanl\u0131 d\u00f6neminde M\u00fcsl\u00fcman ahalinin \u015farap yap\u0131m\u0131na dini gerek\u00e7elerle izin vermeyen anlay\u0131\u015f Hristiyan n\u00fcfusun bu alandaki faaliyetlerineyse k\u0131s\u0131tlama getirmemi\u015ftir. Asl\u0131nda biraz da bu esneklik sayesinde \u015farap \u00fcretiminin ku\u015faktan ku\u015fa\u011fa aktar\u0131lmas\u0131ndaki zincir kopmam\u0131\u015f, ticari kimli\u011fi \u00f6ne \u00e7\u0131kmasa da ailelerin kendi t\u00fcketimleri ve sosyal ili\u015fkilerinin bir par\u00e7as\u0131 olarak \u015farap yap\u0131m\u0131 devam etmi\u015f.<\/p>\n<p>\u015e\u0131rnak y\u00f6resinde bug\u00fcnk\u00fc ad\u0131yla \u00d6\u011f\u00fcnd\u00fck K\u00f6y\u00fc, Midin \u015earaplar\u0131&#8217;na ev sahipli\u011fi yapar. Midin asl\u0131nda k\u00f6y\u00fcn eski ad\u0131. Bu ad\u0131n ya\u015famas\u0131n\u0131 s\u00fcrd\u00fcrmenin en iyi yollar\u0131ndan birisi de markala\u015fmas\u0131n\u0131 sa\u011flamak; zaten Salibas ailesi de b\u00f6yle yapm\u0131\u015f. \u015earab\u0131n tarih\u00e7esine at\u0131fta bulundu\u011fumuz yaz\u0131lar\u0131m\u0131zdan hat\u0131rlayacaks\u0131n\u0131z: bu b\u00f6lge tarihsel olarak \u015farab\u0131n binlerce y\u0131l \u00f6nce ilk ortaya \u00e7\u0131kt\u0131\u011f\u0131 Kafkasya\u2019dan Mezopotamya\u2019ya uzanan \u00fc\u00e7gen b\u00f6lgenin i\u00e7inde kal\u0131yor.<\/p>\n<p>Midin \u015earaplar\u0131&#8217;n\u0131n \u00fcretti\u011fi Cehennem Deresi \u015farab\u0131, bu yaz\u0131m\u0131z\u0131n ba\u015fl\u0131\u011f\u0131nda yer alan b\u0131lb\u0131zeki \u00fcz\u00fcm\u00fcnden yap\u0131l\u0131yor. B\u0131lb\u0131zeki \u00fcz\u00fcmlerinin yeti\u015fti\u011fi asmalar 60-150 ya\u015f aral\u0131\u011f\u0131nda, dolay\u0131s\u0131yla asmalar\u0131n toprakla kurdu\u011fu ili\u015fkinin sayg\u0131 uyand\u0131ran bir boyutu var. Olgunla\u015fma yolundayken parlak ye\u015fil renkli taneleri olan \u00fcz\u00fcm elipsoit bir forma sahip. Salk\u0131mlar gev\u015fek yap\u0131da ve \u00fcz\u00fcm\u00fcn yaprak yap\u0131s\u0131 be\u015f par\u00e7al\u0131.<\/p>\n<p><img decoding=\"async\" class=\"alignleft\" src=\"https:\/\/www.wayanatapas.com\/wp-content\/uploads\/2023\/06\/Bilbizeki2-300x300.jpeg\" alt=\"Bilbizeki\" width=\"300\" height=\"300\" \/><\/p>\n<p>B\u0131lb\u0131zekinin iki hasat d\u00f6nemi var. \u00dcz\u00fcmlerin bir b\u00f6l\u00fcm\u00fc A\u011fustos ay\u0131na geldi\u011fimizde olgunla\u015farak hasata haz\u0131r hale geliyor. Kalan \u00fcz\u00fcmlerin olgunla\u015fmas\u0131 eyl\u00fcl sonunu, hatta kimi zaman ekim ba\u015f\u0131n\u0131 buluyor. Bu da \u015farap yap\u0131mc\u0131s\u0131 i\u00e7in ekstra bir hareket alan\u0131 demek.<\/p>\n<p>Midin \u015earaplar\u0131\u2019n\u0131n B\u0131lb\u0131zeki \u00fcz\u00fcm\u00fcnden yapt\u0131\u011f\u0131 \u015faraba Cehennem Deresi ad\u0131n\u0131 verdi\u011fini yaz\u0131n\u0131n ba\u015f\u0131nda belirtmi\u015ftik. \u015earap do\u011fal mayayla \u00e7elik tanklarda \u00fcretiliyor, f\u0131\u00e7\u0131 uygulamas\u0131 yok. Alt\u0131n rengine d\u00f6n\u00fck saman sar\u0131s\u0131 rengi olan Cehennem Deresi, \u015feftali ve portakal esintileri ta\u015f\u0131yan aromalar\u0131yla meyvemsi bir \u015farap. Ortayla y\u00fcksek aras\u0131nda asiditeye sahip, alkol oran\u0131 y\u00fcksek, yudumlad\u0131\u011f\u0131n\u0131z zaman narenciye kabu\u011fu ve \u015feftali tad\u0131n\u0131 dama\u011f\u0131n\u0131zda hissediyorsunuz. Beyaz \u015farap seven \u015farap severlerin zevkle t\u00fcketecekleri bir \u015farap Cehennem Deresi.<\/p>\n<p>B\u0131lb\u0131zeki \u00fcz\u00fcm\u00fc gibi Anadolu&#8217;nun di\u011fer kadim gen kaynaklar\u0131n\u0131 ve kadehlerimizdeki yerel \u00e7e\u015fitlili\u011fi incelemek i\u00e7in <a href=\"https:\/\/www.wayanatapas.com\/en\/bu-topragin-uzumleri\/\" target=\"_blank\" rel=\"noopener\"><strong><span style=\"color: #3366ff;\">The Grapes of This Land<\/span><\/strong><\/a> rehber yaz\u0131m\u0131z\u0131 ziyaret edebilirsiniz.<\/p>\n<h3 data-path-to-node=\"13\">\u0130lginizi \u00c7ekebilir:<\/h3>\n<p data-path-to-node=\"14\"><b data-path-to-node=\"14\" data-index-in-node=\"0\">Bilbizeki<\/b>\u2019nin y\u00fcksek da\u011f vadilerinden s\u00fcz\u00fclen bu narin beyaz ser\u00fcveninden sonra, b\u00f6lgenin S\u00fcryani ba\u011fc\u0131l\u0131k k\u00fclt\u00fcr\u00fcn\u00fc, di\u011fer yerel varyetelerini ve antik \u00fcretim alanlar\u0131n\u0131 ele ald\u0131\u011f\u0131m\u0131z di\u011fer makalelerimiz de ilginizi \u00e7ekebilir:<\/p>\n<ul data-path-to-node=\"15\">\n<li>\n<p data-path-to-node=\"15,0,0\">Bu nadir varyetenin do\u011fdu\u011fu co\u011frafyan\u0131n binlerce y\u0131ll\u0131k \u00fcretim haf\u0131zas\u0131n\u0131 ve Matiate yeralt\u0131 \u015fehrindeki ta\u015f cenderelerin gizemini okumak i\u00e7in<strong><span style=\"color: #3366ff;\"> <a class=\"ng-star-inserted\" style=\"color: #3366ff;\" href=\"https:\/\/www.wayanatapas.com\/en\/suryani-saraplari-ve-mezopotamyanin-kadim-bagcilik-mirasi\/\" target=\"_blank\" rel=\"noopener\" data-hveid=\"0\" data-ved=\"0CAAQ_4QMahgKEwj2n9L_-d6VAxUAAAAAHQAAAAAQ5wU\">S\u00fcryani \u015earaplar\u0131 ve Mezopotamya\u2019n\u0131n Kadim Ba\u011fc\u0131l\u0131k Miras\u0131<\/a><\/span><\/strong> enolojik saha ara\u015ft\u0131rmam\u0131z\u0131 ke\u015ffedebilirsiniz.<\/p>\n<\/li>\n<li>\n<p data-path-to-node=\"15,1,0\">Tur Abdin platosunun bir di\u011fer sakl\u0131 cevheri olan, kal\u0131n kabu\u011fu ve y\u00fcksek asit yap\u0131s\u0131yla S\u00fcryani beyaz \u015farap\u00e7\u0131l\u0131\u011f\u0131n\u0131n omurgas\u0131n\u0131 olu\u015fturan as\u0131rl\u0131k varyeteyi tan\u0131mak i\u00e7in <strong><span style=\"color: #3366ff;\"><a class=\"ng-star-inserted\" style=\"color: #3366ff;\" href=\"https:\/\/www.wayanatapas.com\/en\/karkus\/\" target=\"_blank\" rel=\"noopener\" data-hveid=\"0\" data-ved=\"0CAAQ_4QMahgKEwj2n9L_-d6VAxUAAAAAHQAAAAAQ6AU\">Karku\u015f \u00dcz\u00fcm\u00fc: Tur Abdin Teruar\u0131n\u0131n Kadim Beyaz Miras\u0131<\/a> <\/span><\/strong>monografimize g\u00f6z atabilirsiniz.<\/p>\n<\/li>\n<\/ul>\n<\/div>\n<p><!-- .vgblk-rw-wrapper --><\/p>","protected":false},"excerpt":{"rendered":"<p>G\u00fcneydo\u011fu&#8217;nun y\u00fcksek rak\u0131ml\u0131 da\u011f k\u00f6ylerinde as\u0131rlard\u0131r hayat bulan, tazeleyici y\u00fcksek asit potansiyeli ve nevi \u015fahs\u0131na m\u00fcnhas\u0131r aromatik yap\u0131s\u0131yla Mezopotamya teruar\u0131n\u0131n en nadir beyaz \u015farapl\u0131k varyetesi Bilbizeki\u2019nin ser\u00fcveni Wayana Blog&#8217;da.<\/p>","protected":false},"author":1,"featured_media":990312,"comment_status":"closed","ping_status":"closed","sticky":false,"template":"","format":"standard","meta":{"_joinchat":[],"footnotes":""},"categories":[403],"tags":[313,1734,1735,171,1738,1667,1737,1736,926,169],"class_list":["post-990310","post","type-post","status-publish","format-standard","has-post-thumbnail","hentry","category-anadolu-uzumleri","tag-beyaz-sarap","tag-bilbizeki","tag-bilbizeki-uzumu","tag-endemik-uzumler","tag-mezopotamya-uzumleri","tag-oenoloji","tag-siirt-saraplari","tag-sirnak-bagciligi","tag-wayana-blog","tag-yerel-saraplar"],"yoast_head":"<!-- This site is optimized with the Yoast SEO plugin v27.7 - https:\/\/yoast.com\/product\/yoast-seo-wordpress\/ -->\n<title>B\u0131lb\u0131zeki - Wayana Wine Bar<\/title>\n<meta name=\"description\" content=\"\u015e\u0131rnak ve Siirt da\u011flar\u0131n\u0131n sakl\u0131 beyaz\u0131 Bilbizeki \u00fcz\u00fcm\u00fc nedir? Y\u00fcksek asiditesi, kadim Mezopotamya k\u00f6kleri ve sek \u015farapl\u0131k potansiyelini ke\u015ffedin.\" \/>\n<meta name=\"robots\" content=\"index, follow, max-snippet:-1, max-image-preview:large, max-video-preview:-1\" \/>\n<link rel=\"canonical\" href=\"https:\/\/www.wayanatapas.com\/en\/bilbizeki\/\" \/>\n<meta property=\"og:locale\" content=\"en_US\" \/>\n<meta property=\"og:type\" content=\"article\" \/>\n<meta property=\"og:title\" content=\"B\u0131lb\u0131zeki - Wayana Wine Bar\" \/>\n<meta property=\"og:description\" content=\"\u015e\u0131rnak ve Siirt da\u011flar\u0131n\u0131n sakl\u0131 beyaz\u0131 Bilbizeki \u00fcz\u00fcm\u00fc nedir? Y\u00fcksek asiditesi, kadim Mezopotamya k\u00f6kleri ve sek \u015farapl\u0131k potansiyelini ke\u015ffedin.\" \/>\n<meta property=\"og:url\" content=\"https:\/\/www.wayanatapas.com\/en\/bilbizeki\/\" \/>\n<meta property=\"og:site_name\" content=\"Wayana Wine Bar\" \/>\n<meta property=\"article:publisher\" content=\"https:\/\/www.facebook.com\/wayanatapas\/\" \/>\n<meta property=\"article:published_time\" content=\"2023-06-13T09:00:00+00:00\" \/>\n<meta property=\"article:modified_time\" content=\"2026-07-26T11:13:37+00:00\" \/>\n<meta property=\"og:image\" content=\"https:\/\/www.wayanatapas.com\/wp-content\/uploads\/2023\/06\/Bilbizeki1.jpeg\" \/>\n\t<meta property=\"og:image:width\" content=\"1200\" \/>\n\t<meta property=\"og:image:height\" content=\"800\" \/>\n\t<meta property=\"og:image:type\" content=\"image\/jpeg\" \/>\n<meta name=\"author\" content=\"Admin_Wayana\" \/>\n<meta name=\"twitter:card\" content=\"summary_large_image\" \/>\n<meta name=\"twitter:label1\" content=\"Written by\" \/>\n\t<meta name=\"twitter:data1\" content=\"Admin_Wayana\" \/>\n\t<meta name=\"twitter:label2\" content=\"Est. reading time\" \/>\n\t<meta name=\"twitter:data2\" content=\"4 minutes\" \/>\n<script type=\"application\/ld+json\" class=\"yoast-schema-graph\">{\"@context\":\"https:\\\/\\\/schema.org\",\"@graph\":[{\"@type\":\"Article\",\"@id\":\"https:\\\/\\\/www.wayanatapas.com\\\/bilbizeki\\\/#article\",\"isPartOf\":{\"@id\":\"https:\\\/\\\/www.wayanatapas.com\\\/bilbizeki\\\/\"},\"author\":{\"name\":\"Admin_Wayana\",\"@id\":\"https:\\\/\\\/www.wayanatapas.com\\\/#\\\/schema\\\/person\\\/b935cb3cf25a9a9577a770fdda18d46f\"},\"headline\":\"B\u0131lb\u0131zeki\",\"datePublished\":\"2023-06-13T09:00:00+00:00\",\"dateModified\":\"2026-07-26T11:13:37+00:00\",\"mainEntityOfPage\":{\"@id\":\"https:\\\/\\\/www.wayanatapas.com\\\/bilbizeki\\\/\"},\"wordCount\":699,\"publisher\":{\"@id\":\"https:\\\/\\\/www.wayanatapas.com\\\/#organization\"},\"image\":{\"@id\":\"https:\\\/\\\/www.wayanatapas.com\\\/bilbizeki\\\/#primaryimage\"},\"thumbnailUrl\":\"https:\\\/\\\/www.wayanatapas.com\\\/wp-content\\\/uploads\\\/2023\\\/06\\\/Bilbizeki1.jpeg\",\"keywords\":[\"Beyaz \u015earap\",\"Bilbizeki\",\"Bilbizeki \u00fcz\u00fcm\u00fc\",\"endemik \u00fcz\u00fcmler\",\"Mezopotamya \u00fcz\u00fcmleri\",\"oenoloji\",\"Siirt \u015faraplar\u0131\",\"\u015e\u0131rnak ba\u011fc\u0131l\u0131\u011f\u0131\",\"WAYANA blog\",\"yerel \u015faraplar\"],\"articleSection\":[\"Anadolu \u00dcz\u00fcmleri\"],\"inLanguage\":\"en-US\"},{\"@type\":\"WebPage\",\"@id\":\"https:\\\/\\\/www.wayanatapas.com\\\/bilbizeki\\\/\",\"url\":\"https:\\\/\\\/www.wayanatapas.com\\\/bilbizeki\\\/\",\"name\":\"B\u0131lb\u0131zeki - Wayana Wine Bar\",\"isPartOf\":{\"@id\":\"https:\\\/\\\/www.wayanatapas.com\\\/#website\"},\"primaryImageOfPage\":{\"@id\":\"https:\\\/\\\/www.wayanatapas.com\\\/bilbizeki\\\/#primaryimage\"},\"image\":{\"@id\":\"https:\\\/\\\/www.wayanatapas.com\\\/bilbizeki\\\/#primaryimage\"},\"thumbnailUrl\":\"https:\\\/\\\/www.wayanatapas.com\\\/wp-content\\\/uploads\\\/2023\\\/06\\\/Bilbizeki1.jpeg\",\"datePublished\":\"2023-06-13T09:00:00+00:00\",\"dateModified\":\"2026-07-26T11:13:37+00:00\",\"description\":\"\u015e\u0131rnak ve Siirt da\u011flar\u0131n\u0131n sakl\u0131 beyaz\u0131 Bilbizeki \u00fcz\u00fcm\u00fc nedir? Y\u00fcksek asiditesi, kadim Mezopotamya k\u00f6kleri ve sek \u015farapl\u0131k potansiyelini ke\u015ffedin.\",\"breadcrumb\":{\"@id\":\"https:\\\/\\\/www.wayanatapas.com\\\/bilbizeki\\\/#breadcrumb\"},\"inLanguage\":\"en-US\",\"potentialAction\":[{\"@type\":\"ReadAction\",\"target\":[\"https:\\\/\\\/www.wayanatapas.com\\\/bilbizeki\\\/\"]}]},{\"@type\":\"ImageObject\",\"inLanguage\":\"en-US\",\"@id\":\"https:\\\/\\\/www.wayanatapas.com\\\/bilbizeki\\\/#primaryimage\",\"url\":\"https:\\\/\\\/www.wayanatapas.com\\\/wp-content\\\/uploads\\\/2023\\\/06\\\/Bilbizeki1.jpeg\",\"contentUrl\":\"https:\\\/\\\/www.wayanatapas.com\\\/wp-content\\\/uploads\\\/2023\\\/06\\\/Bilbizeki1.jpeg\",\"width\":1200,\"height\":800,\"caption\":\"Bilbizeki\"},{\"@type\":\"BreadcrumbList\",\"@id\":\"https:\\\/\\\/www.wayanatapas.com\\\/bilbizeki\\\/#breadcrumb\",\"itemListElement\":[{\"@type\":\"ListItem\",\"position\":1,\"name\":\"Anasayfa\",\"item\":\"https:\\\/\\\/www.wayanatapas.com\\\/\"},{\"@type\":\"ListItem\",\"position\":2,\"name\":\"B\u0131lb\u0131zeki\"}]},{\"@type\":\"WebSite\",\"@id\":\"https:\\\/\\\/www.wayanatapas.com\\\/#website\",\"url\":\"https:\\\/\\\/www.wayanatapas.com\\\/\",\"name\":\"Wayana Wine Bar\",\"description\":\"Wayana Tapas\",\"publisher\":{\"@id\":\"https:\\\/\\\/www.wayanatapas.com\\\/#organization\"},\"potentialAction\":[{\"@type\":\"SearchAction\",\"target\":{\"@type\":\"EntryPoint\",\"urlTemplate\":\"https:\\\/\\\/www.wayanatapas.com\\\/?s={search_term_string}\"},\"query-input\":{\"@type\":\"PropertyValueSpecification\",\"valueRequired\":true,\"valueName\":\"search_term_string\"}}],\"inLanguage\":\"en-US\"},{\"@type\":\"Organization\",\"@id\":\"https:\\\/\\\/www.wayanatapas.com\\\/#organization\",\"name\":\"Wayana Wine Bar\",\"url\":\"https:\\\/\\\/www.wayanatapas.com\\\/\",\"logo\":{\"@type\":\"ImageObject\",\"inLanguage\":\"en-US\",\"@id\":\"https:\\\/\\\/www.wayanatapas.com\\\/#\\\/schema\\\/logo\\\/image\\\/\",\"url\":\"https:\\\/\\\/www.wayanatapas.com\\\/wp-content\\\/uploads\\\/2023\\\/11\\\/LOGOTYPE-WAYANA-03.png\",\"contentUrl\":\"https:\\\/\\\/www.wayanatapas.com\\\/wp-content\\\/uploads\\\/2023\\\/11\\\/LOGOTYPE-WAYANA-03.png\",\"width\":626,\"height\":209,\"caption\":\"Wayana Wine Bar\"},\"image\":{\"@id\":\"https:\\\/\\\/www.wayanatapas.com\\\/#\\\/schema\\\/logo\\\/image\\\/\"},\"sameAs\":[\"https:\\\/\\\/www.facebook.com\\\/wayanatapas\\\/\",\"https:\\\/\\\/www.instagram.com\\\/wayanatapas\\\/\"]},{\"@type\":\"Person\",\"@id\":\"https:\\\/\\\/www.wayanatapas.com\\\/#\\\/schema\\\/person\\\/b935cb3cf25a9a9577a770fdda18d46f\",\"name\":\"Admin_Wayana\",\"image\":{\"@type\":\"ImageObject\",\"inLanguage\":\"en-US\",\"@id\":\"https:\\\/\\\/www.wayanatapas.com\\\/wp-content\\\/litespeed\\\/avatar\\\/24813a40b4ac5fe3ace444a8f914bc1e.jpg?ver=1788219761\",\"url\":\"https:\\\/\\\/www.wayanatapas.com\\\/wp-content\\\/litespeed\\\/avatar\\\/24813a40b4ac5fe3ace444a8f914bc1e.jpg?ver=1788219761\",\"contentUrl\":\"https:\\\/\\\/www.wayanatapas.com\\\/wp-content\\\/litespeed\\\/avatar\\\/24813a40b4ac5fe3ace444a8f914bc1e.jpg?ver=1788219761\",\"caption\":\"Admin_Wayana\"},\"sameAs\":[\"http:\\\/\\\/www.wayanatapas.com\"],\"url\":\"https:\\\/\\\/www.wayanatapas.com\\\/en\\\/author\\\/admin_wayana\\\/\"}]}<\/script>\n<!-- \/ Yoast SEO plugin. -->","yoast_head_json":{"title":"B\u0131lb\u0131zeki - Wayana Wine Bar","description":"\u015e\u0131rnak ve Siirt da\u011flar\u0131n\u0131n sakl\u0131 beyaz\u0131 Bilbizeki \u00fcz\u00fcm\u00fc nedir? Y\u00fcksek asiditesi, kadim Mezopotamya k\u00f6kleri ve sek \u015farapl\u0131k potansiyelini ke\u015ffedin.","robots":{"index":"index","follow":"follow","max-snippet":"max-snippet:-1","max-image-preview":"max-image-preview:large","max-video-preview":"max-video-preview:-1"},"canonical":"https:\/\/www.wayanatapas.com\/en\/bilbizeki\/","og_locale":"en_US","og_type":"article","og_title":"B\u0131lb\u0131zeki - Wayana Wine Bar","og_description":"\u015e\u0131rnak ve Siirt da\u011flar\u0131n\u0131n sakl\u0131 beyaz\u0131 Bilbizeki \u00fcz\u00fcm\u00fc nedir? Y\u00fcksek asiditesi, kadim Mezopotamya k\u00f6kleri ve sek \u015farapl\u0131k potansiyelini ke\u015ffedin.","og_url":"https:\/\/www.wayanatapas.com\/en\/bilbizeki\/","og_site_name":"Wayana Wine Bar","article_publisher":"https:\/\/www.facebook.com\/wayanatapas\/","article_published_time":"2023-06-13T09:00:00+00:00","article_modified_time":"2026-07-26T11:13:37+00:00","og_image":[{"width":1200,"height":800,"url":"https:\/\/www.wayanatapas.com\/wp-content\/uploads\/2023\/06\/Bilbizeki1.jpeg","type":"image\/jpeg"}],"author":"Admin_Wayana","twitter_card":"summary_large_image","twitter_misc":{"Written by":"Admin_Wayana","Est. reading time":"4 minutes"},"schema":{"@context":"https:\/\/schema.org","@graph":[{"@type":"Article","@id":"https:\/\/www.wayanatapas.com\/bilbizeki\/#article","isPartOf":{"@id":"https:\/\/www.wayanatapas.com\/bilbizeki\/"},"author":{"name":"Admin_Wayana","@id":"https:\/\/www.wayanatapas.com\/#\/schema\/person\/b935cb3cf25a9a9577a770fdda18d46f"},"headline":"B\u0131lb\u0131zeki","datePublished":"2023-06-13T09:00:00+00:00","dateModified":"2026-07-26T11:13:37+00:00","mainEntityOfPage":{"@id":"https:\/\/www.wayanatapas.com\/bilbizeki\/"},"wordCount":699,"publisher":{"@id":"https:\/\/www.wayanatapas.com\/#organization"},"image":{"@id":"https:\/\/www.wayanatapas.com\/bilbizeki\/#primaryimage"},"thumbnailUrl":"https:\/\/www.wayanatapas.com\/wp-content\/uploads\/2023\/06\/Bilbizeki1.jpeg","keywords":["Beyaz \u015earap","Bilbizeki","Bilbizeki \u00fcz\u00fcm\u00fc","endemik \u00fcz\u00fcmler","Mezopotamya \u00fcz\u00fcmleri","oenoloji","Siirt \u015faraplar\u0131","\u015e\u0131rnak ba\u011fc\u0131l\u0131\u011f\u0131","WAYANA blog","yerel \u015faraplar"],"articleSection":["Anadolu \u00dcz\u00fcmleri"],"inLanguage":"en-US"},{"@type":"WebPage","@id":"https:\/\/www.wayanatapas.com\/bilbizeki\/","url":"https:\/\/www.wayanatapas.com\/bilbizeki\/","name":"B\u0131lb\u0131zeki - Wayana Wine Bar","isPartOf":{"@id":"https:\/\/www.wayanatapas.com\/#website"},"primaryImageOfPage":{"@id":"https:\/\/www.wayanatapas.com\/bilbizeki\/#primaryimage"},"image":{"@id":"https:\/\/www.wayanatapas.com\/bilbizeki\/#primaryimage"},"thumbnailUrl":"https:\/\/www.wayanatapas.com\/wp-content\/uploads\/2023\/06\/Bilbizeki1.jpeg","datePublished":"2023-06-13T09:00:00+00:00","dateModified":"2026-07-26T11:13:37+00:00","description":"\u015e\u0131rnak ve Siirt da\u011flar\u0131n\u0131n sakl\u0131 beyaz\u0131 Bilbizeki \u00fcz\u00fcm\u00fc nedir? Y\u00fcksek asiditesi, kadim Mezopotamya k\u00f6kleri ve sek \u015farapl\u0131k potansiyelini ke\u015ffedin.","breadcrumb":{"@id":"https:\/\/www.wayanatapas.com\/bilbizeki\/#breadcrumb"},"inLanguage":"en-US","potentialAction":[{"@type":"ReadAction","target":["https:\/\/www.wayanatapas.com\/bilbizeki\/"]}]},{"@type":"ImageObject","inLanguage":"en-US","@id":"https:\/\/www.wayanatapas.com\/bilbizeki\/#primaryimage","url":"https:\/\/www.wayanatapas.com\/wp-content\/uploads\/2023\/06\/Bilbizeki1.jpeg","contentUrl":"https:\/\/www.wayanatapas.com\/wp-content\/uploads\/2023\/06\/Bilbizeki1.jpeg","width":1200,"height":800,"caption":"Bilbizeki"},{"@type":"BreadcrumbList","@id":"https:\/\/www.wayanatapas.com\/bilbizeki\/#breadcrumb","itemListElement":[{"@type":"ListItem","position":1,"name":"Anasayfa","item":"https:\/\/www.wayanatapas.com\/"},{"@type":"ListItem","position":2,"name":"B\u0131lb\u0131zeki"}]},{"@type":"WebSite","@id":"https:\/\/www.wayanatapas.com\/#website","url":"https:\/\/www.wayanatapas.com\/","name":"Wayana Wine Bar","description":"Wayana Tapas","publisher":{"@id":"https:\/\/www.wayanatapas.com\/#organization"},"potentialAction":[{"@type":"SearchAction","target":{"@type":"EntryPoint","urlTemplate":"https:\/\/www.wayanatapas.com\/?s={search_term_string}"},"query-input":{"@type":"PropertyValueSpecification","valueRequired":true,"valueName":"search_term_string"}}],"inLanguage":"en-US"},{"@type":"Organization","@id":"https:\/\/www.wayanatapas.com\/#organization","name":"Wayana Wine Bar","url":"https:\/\/www.wayanatapas.com\/","logo":{"@type":"ImageObject","inLanguage":"en-US","@id":"https:\/\/www.wayanatapas.com\/#\/schema\/logo\/image\/","url":"https:\/\/www.wayanatapas.com\/wp-content\/uploads\/2023\/11\/LOGOTYPE-WAYANA-03.png","contentUrl":"https:\/\/www.wayanatapas.com\/wp-content\/uploads\/2023\/11\/LOGOTYPE-WAYANA-03.png","width":626,"height":209,"caption":"Wayana Wine Bar"},"image":{"@id":"https:\/\/www.wayanatapas.com\/#\/schema\/logo\/image\/"},"sameAs":["https:\/\/www.facebook.com\/wayanatapas\/","https:\/\/www.instagram.com\/wayanatapas\/"]},{"@type":"Person","@id":"https:\/\/www.wayanatapas.com\/#\/schema\/person\/b935cb3cf25a9a9577a770fdda18d46f","name":"Admin_Wayana","image":{"@type":"ImageObject","inLanguage":"en-US","@id":"https:\/\/www.wayanatapas.com\/wp-content\/litespeed\/avatar\/24813a40b4ac5fe3ace444a8f914bc1e.jpg?ver=1788219761","url":"https:\/\/www.wayanatapas.com\/wp-content\/litespeed\/avatar\/24813a40b4ac5fe3ace444a8f914bc1e.jpg?ver=1788219761","contentUrl":"https:\/\/www.wayanatapas.com\/wp-content\/litespeed\/avatar\/24813a40b4ac5fe3ace444a8f914bc1e.jpg?ver=1788219761","caption":"Admin_Wayana"},"sameAs":["http:\/\/www.wayanatapas.com"],"url":"https:\/\/www.wayanatapas.com\/en\/author\/admin_wayana\/"}]}},"_links":{"self":[{"href":"https:\/\/www.wayanatapas.com\/en\/wp-json\/wp\/v2\/posts\/990310","targetHints":{"allow":["GET"]}}],"collection":[{"href":"https:\/\/www.wayanatapas.com\/en\/wp-json\/wp\/v2\/posts"}],"about":[{"href":"https:\/\/www.wayanatapas.com\/en\/wp-json\/wp\/v2\/types\/post"}],"author":[{"embeddable":true,"href":"https:\/\/www.wayanatapas.com\/en\/wp-json\/wp\/v2\/users\/1"}],"replies":[{"embeddable":true,"href":"https:\/\/www.wayanatapas.com\/en\/wp-json\/wp\/v2\/comments?post=990310"}],"version-history":[{"count":5,"href":"https:\/\/www.wayanatapas.com\/en\/wp-json\/wp\/v2\/posts\/990310\/revisions"}],"predecessor-version":[{"id":994254,"href":"https:\/\/www.wayanatapas.com\/en\/wp-json\/wp\/v2\/posts\/990310\/revisions\/994254"}],"wp:featuredmedia":[{"embeddable":true,"href":"https:\/\/www.wayanatapas.com\/en\/wp-json\/wp\/v2\/media\/990312"}],"wp:attachment":[{"href":"https:\/\/www.wayanatapas.com\/en\/wp-json\/wp\/v2\/media?parent=990310"}],"wp:term":[{"taxonomy":"category","embeddable":true,"href":"https:\/\/www.wayanatapas.com\/en\/wp-json\/wp\/v2\/categories?post=990310"},{"taxonomy":"post_tag","embeddable":true,"href":"https:\/\/www.wayanatapas.com\/en\/wp-json\/wp\/v2\/tags?post=990310"}],"curies":[{"name":"wp","href":"https:\/\/api.w.org\/{rel}","templated":true}]}}