{"id":990426,"date":"2023-07-20T12:00:00","date_gmt":"2023-07-20T09:00:00","guid":{"rendered":"https:\/\/www.wayanatapas.com\/?p=990426"},"modified":"2026-07-26T14:16:08","modified_gmt":"2026-07-26T11:16:08","slug":"karkus","status":"publish","type":"post","link":"https:\/\/www.wayanatapas.com\/en\/karkus\/","title":{"rendered":"Karku\u015f"},"content":{"rendered":"<div class=\"vgblk-rw-wrapper limit-wrapper\">\u00dclkemizin yeni yeni \u015faraplar\u0131yla tan\u0131\u015ft\u0131\u011f\u0131 \u00fcz\u00fcmlerden birisi olan Karku\u015f bug\u00fcnk\u00fc yaz\u0131m\u0131z\u0131n kahraman\u0131. Anadolu\u2019nun g\u00fcneydo\u011fusuna, medeniyetlerin ve dinlerin be\u015fi\u011fi olan Mezopotamya topraklar\u0131na do\u011fru bakt\u0131\u011f\u0131m\u0131zda, ba\u011fc\u0131l\u0131k tarihinin en saf ve el de\u011fmemi\u015f sayfalar\u0131yla kar\u015f\u0131la\u015f\u0131r\u0131z. Mardin ve \u00f6zellikle Tur Abdin platosunun kire\u00e7ta\u015fl\u0131, kurak ve y\u00fcksek rak\u0131ml\u0131 teruar\u0131nda binlerce y\u0131ld\u0131r S\u00fcryani ba\u011fc\u0131l\u0131k gelene\u011finin bir par\u00e7as\u0131 olarak hayatta kalan <b data-path-to-node=\"8\" data-index-in-node=\"345\">Karku\u015f<\/b>, bu kadim co\u011frafyan\u0131n en asil ve en karakteristik beyaz temsilcisidir.<\/p>\n<p>B\u00f6lgenin sert karasal iklimine ve kavurucu yaz g\u00fcne\u015fine dayanabilmek i\u00e7in kal\u0131n bir kabuk yap\u0131s\u0131 geli\u015ftiren <b data-path-to-node=\"9\" data-index-in-node=\"108\">Karku\u015f<\/b>, \u015farap d\u00fcnyas\u0131nda az bilinen ama ke\u015ffedildi\u011finde hayranl\u0131k uyand\u0131ran bir profil sergiler. \u00c7o\u011fu s\u0131cak iklim \u00fcz\u00fcm\u00fcn\u00fcn aksine, tanelerindeki y\u00fcksek asit potansiyelini ve canl\u0131l\u0131\u011f\u0131 korumay\u0131 ba\u015faran bu nadir varyete, do\u011fru enolojik tekniklerle i\u015flendi\u011finde damakta son derece diri, g\u00f6vdeli ve mineral yap\u0131s\u0131 \u00f6n planda olan beyaz sek \u015faraplar verir. Burnunuzu kadehe yakla\u015ft\u0131rd\u0131\u011f\u0131n\u0131zda beyaz etli meyveler, hafif narenciye dokunu\u015flar\u0131 ve Mezopotamya\u2019n\u0131n o kendine has ta\u015f teruar\u0131n\u0131n mineral izlerini yakalayabilirsiniz.<\/p>\n<p>Karku\u015f, G\u00fcneydo\u011fu Anadolu B\u00f6lgesi&#8217;nin kavurucu s\u0131cakl\u0131klar\u0131n\u0131n etkisi alt\u0131nda olgunla\u015f\u0131yor. Bu kadar s\u0131cak co\u011frafyan\u0131n \u00fcz\u00fcmde yaratt\u0131\u011f\u0131 en \u00f6nemli etkilerden birisi \u015feker oran\u0131n\u0131n y\u00fcksekli\u011fi. \u015eekerin fermantasyonla alkole d\u00f6n\u00fc\u015ft\u00fc\u011f\u00fcn\u00fc hat\u0131rlayacak olursak, genellikle Karku\u015f \u015faraplar\u0131n\u0131n alkol derecesinin %15 seviyesine ula\u015fmas\u0131n\u0131n arkas\u0131ndaki d\u00f6ng\u00fcy\u00fc de anlam\u0131\u015f oluruz.<\/p>\n<p>WAYANA, Kad\u0131k\u00f6y, \u0130stanbul\u2019da sadece T\u00fcrk \u015faraplar\u0131 servis eden ve T\u00fcrk \u015faraplar\u0131n\u0131n en zengin koleksiyonunu \u015farap severlerle bulu\u015fturan \u015farap evimiz. Yakla\u015f\u0131k 75 \u00fcreticinin 400 \u00e7e\u015fidi a\u015fk\u0131n \u015farab\u0131 WAYANA \u015earap Men\u00fcs\u00fc&#8217;nde yer al\u0131yor. Bu men\u00fcde yer alan \u015faraplar aras\u0131nda Karku\u015f (bir ba\u015fka okunu\u015fuyla Kerk\u00fc\u015f) \u00fcz\u00fcm\u00fcnden yap\u0131lan Shiluh ve Midin markalar\u0131n\u0131n \u00f6rnekleri de var.<\/p>\n<h2>Karku\u015f \u015farab\u0131 \u00fcreten \u015farap \u00fcreticileri<\/h2>\n<p>Midyat merkezli Shiluh \u015earaplar\u0131 Karku\u015f \u00fcz\u00fcm\u00fcn\u00fc Mezrona \u00fcz\u00fcm\u00fcyle harmanlayarak Kustan ad\u0131nda bir beyaz \u015farapla kar\u015f\u0131m\u0131za geliyor. Kustan, amber rengini \u015f\u0131ras\u0131n\u0131n \u015farap yap\u0131m\u0131 esnas\u0131nda bir s\u00fcre \u00fcz\u00fcm kabuklar\u0131yla beraber ge\u00e7irmesiyle kazan\u0131yor.<\/p>\n<p>Midin \u015earaplar\u0131&#8217;n\u0131n hem f\u0131\u00e7\u0131l\u0131 hem de f\u0131\u00e7\u0131s\u0131z birer Karku\u015f \u015farab\u0131 var. Midin, kendi \u015faraplar\u0131nda kabuklar\u0131 \u015f\u0131radan hemen \u00e7\u0131kar\u0131yor. Buna ra\u011fmen renginin koyulu\u011funu kabuk yap\u0131s\u0131ndan ald\u0131\u011f\u0131na daha \u00f6nce de\u011finmi\u015ftik. Karku\u015f beyazlar\u0131 y\u00fcksek tanenleriyle di\u011fer beyaz \u015faraplardan farkl\u0131 \u00f6rnekler. Hem f\u0131\u00e7\u0131l\u0131 hem de f\u0131\u00e7\u0131s\u0131z olan \u015faraplar beyaz \u015farapta tanene \u00f6ncelik veren \u015farap severlerin zevkle t\u00fcketecekleri \u00f6rnekler.<\/p>\n<p>Bunlara ek olarak, bir b\u00fcy\u00fck \u00fcreticinin, Kayra&#8217;n\u0131n, deneysel serisinde Old Vine Karku\u015f \u015farab\u0131 \u00e7\u0131karmas\u0131 \u015farap merakl\u0131lar\u0131nda b\u00fcy\u00fck heyecan yaratt\u0131.<\/p>\n<p>Hem Shiluh hem Midin hem de Kayra&#8217;ya Karku\u015f \u00fcz\u00fcm\u00fcn\u00fc bizlerle bulu\u015fturdu\u011fu i\u00e7in te\u015fekk\u00fcr ediyoruz. \u00d6n\u00fcm\u00fczdeki rekoltelerde Karku\u015f \u00fcz\u00fcm\u00fcyle kar\u015f\u0131m\u0131za gelecek yeni varyantlar\u0131 heyecanla bekliyoruz.<\/p>\n<p>Karku\u015f \u00fcz\u00fcm\u00fc gibi Anadolu&#8217;nun di\u011fer kadim gen kaynaklar\u0131n\u0131 ve kadehlerimizdeki yerel \u00e7e\u015fitlili\u011fi incelemek i\u00e7in <a href=\"https:\/\/www.wayanatapas.com\/en\/bu-topragin-uzumleri\/\" target=\"_blank\" rel=\"noopener\"><strong><span style=\"color: #3366ff;\">The Grapes of This Land<\/span><\/strong><\/a> rehber yaz\u0131m\u0131z\u0131 ziyaret edebilirsiniz.<\/p>\n<h3 data-path-to-node=\"6\">\u0130lginizi \u00c7ekebilir:<\/h3>\n<p data-path-to-node=\"7\"><b data-path-to-node=\"7\" data-index-in-node=\"0\">Karku\u015f<\/b>\u2019un Mezopotamya topraklar\u0131ndan s\u00fcz\u00fclen bu mistik beyaz ser\u00fcveninden sonra, b\u00f6lgenin binlerce y\u0131ll\u0131k S\u00fcryani ba\u011fc\u0131l\u0131k k\u00fclt\u00fcr\u00fcn\u00fc, di\u011fer yerel varyetelerini ve antik \u00fcretim alanlar\u0131n\u0131 ele ald\u0131\u011f\u0131m\u0131z di\u011fer makalelerimiz de ilginizi \u00e7ekebilir:<\/p>\n<ul data-path-to-node=\"8\">\n<li>\n<p data-path-to-node=\"8,0,0\">Tur Abdin platosunun binlerce y\u0131ll\u0131k \u00fcretim haf\u0131zas\u0131n\u0131, b\u00f6lgedeki \u00fcreticilerle ger\u00e7ekle\u015ftirdi\u011fimiz r\u00f6portajlar\u0131 ve Matiate yeralt\u0131 \u015fehrindeki ta\u015f cenderelerin gizemini okumak i\u00e7in <strong><span style=\"color: #3366ff;\"><a class=\"ng-star-inserted\" style=\"color: #3366ff;\" href=\"https:\/\/www.wayanatapas.com\/en\/suryani-bagcilik-ve-sarapcilik-kulturunu-dogru-degerlendirmek\/\" target=\"_blank\" rel=\"noopener\" data-hveid=\"0\" data-ved=\"0CAAQ_4QMahgKEwjc14Pg3NuVAxUAAAAAHQAAAAAQ4xU\">S\u00fcryani \u015earaplar\u0131 ve Mezopotamya\u2019n\u0131n Kadim Ba\u011fc\u0131l\u0131k Miras\u0131<\/a><\/span><\/strong> enolojik saha ara\u015ft\u0131rmam\u0131z\u0131 ke\u015ffedebilirsiniz.<\/p>\n<\/li>\n<li>\n<p data-path-to-node=\"8,1,0\"><b data-path-to-node=\"8,1,0\" data-index-in-node=\"0\">Karku\u015f<\/b> ile kom\u015fu teruar\u0131 payla\u015fan, yak\u0131n zamanda yeniden \u015farapl\u0131k olarak de\u011ferlendirmeye ba\u015flanan Kilis&#8217;in siyah \u00fcz\u00fcm\u00fcn\u00fc tan\u0131mak i\u00e7in <a href=\"https:\/\/www.wayanatapas.com\/en\/horoskarasi\/\" target=\"_blank\" rel=\"noopener\"><span style=\"color: #3366ff;\"><span style=\"caret-color: #3366ff;\"><b>Horoskaras\u0131<\/b><\/span><\/span><\/a>\u00a0monografimize g\u00f6z atabilirsiniz.<\/p>\n<\/li>\n<li>\n<p data-path-to-node=\"8,2,0\">G\u00fcneydo\u011fu teruar\u0131n\u0131n bu narin beyazlar\u0131na kar\u015f\u0131l\u0131k, Van G\u00f6l\u00fc Havzas\u0131&#8217;n\u0131n ge\u00e7mi\u015fi Urartular&#8217;a uzanan k\u0131rm\u0131z\u0131s\u0131n\u0131 tan\u0131mak i\u00e7in <a href=\"https:\/\/www.wayanatapas.com\/en\/ercis-karasi\/\" target=\"_blank\" rel=\"noopener\"><strong><span style=\"color: #3366ff;\">Erci\u015fkaras\u0131<\/span><\/strong><\/a> analizimizi ziyaret edebilirsiniz.<\/p>\n<\/li>\n<li>\n<p data-path-to-node=\"8,3,0\">Modern teknolojilerden ve paslanmaz \u00e7elik tanklardan \u00e7ok \u00f6nce, Mezopotamya ve antik Akdeniz d\u00fcnyas\u0131nda \u015farab\u0131n fermantasyon d\u00f6ng\u00fcs\u00fcn\u00fc \u015fekillendiren s\u00fcre\u00e7leri incelemek i\u00e7in <strong><span style=\"color: #3366ff;\"><a class=\"ng-star-inserted\" style=\"color: #3366ff;\" href=\"https:\/\/www.wayanatapas.com\/en\/antik-donemde-sarap-uretimi-mevsimsel-kokulu-ve-gurultulu-bir-surec\/\" target=\"_blank\" rel=\"noopener\" data-hveid=\"0\" data-ved=\"0CAAQ_4QMahgKEwjc14Pg3NuVAxUAAAAAHQAAAAAQ5hU\">Antik D\u00f6nemde \u015earap \u00dcretimi: Mevsimsel, Kokulu ve G\u00fcr\u00fclt\u00fcl\u00fc Bir S\u00fcre\u00e7<\/a><\/span><\/strong> tarihsel ara\u015ft\u0131rmam\u0131z\u0131 okuyabilirsiniz.<\/p>\n<\/li>\n<\/ul>\n<\/div>\n<p><!-- .vgblk-rw-wrapper --><\/p>","protected":false},"excerpt":{"rendered":"<p>Mezopotamya g\u00fcne\u015fini kal\u0131n kabuklar\u0131nda biriktiren, y\u00fcksek asit potansiyeli ve nevi \u015fahs\u0131na m\u00fcnhas\u0131r aromatik yap\u0131s\u0131yla Tur Abdin teruar\u0131n\u0131n en k\u00f6kl\u00fc endemik beyaz \u015farapl\u0131k varyetesi Karku\u015f\u2019un as\u0131rl\u0131k ser\u00fcveni Wayana Blog&#8217;da.<\/p>","protected":false},"author":1,"featured_media":990428,"comment_status":"closed","ping_status":"closed","sticky":false,"template":"","format":"standard","meta":{"_joinchat":[],"footnotes":""},"categories":[403],"tags":[313,171,550,1692,1695,1693,1667,544,1694,926,169],"class_list":["post-990426","post","type-post","status-publish","format-standard","has-post-thumbnail","hentry","category-anadolu-uzumleri","tag-beyaz-sarap","tag-endemik-uzumler","tag-karkus","tag-karkus-sarabi","tag-kerkus","tag-mardin-bagciligi","tag-oenoloji","tag-suryani-saraplari","tag-tur-abdin-uzumleri","tag-wayana-blog","tag-yerel-saraplar"],"yoast_head":"<!-- This site is optimized with the Yoast SEO plugin v27.7 - https:\/\/yoast.com\/product\/yoast-seo-wordpress\/ -->\n<title>Karku\u015f - Wayana Wine Bar<\/title>\n<meta name=\"description\" content=\"Mardin ve Tur Abdin b\u00f6lgesinin endemik S\u00fcryani beyaz\u0131 Karku\u015f nedir? Y\u00fcksek asiditesi, kal\u0131n kabu\u011fu ve sek \u015farapl\u0131k karakterini ke\u015ffedin.\" \/>\n<meta name=\"robots\" content=\"index, follow, max-snippet:-1, max-image-preview:large, max-video-preview:-1\" \/>\n<link rel=\"canonical\" href=\"https:\/\/www.wayanatapas.com\/en\/karkus\/\" \/>\n<meta property=\"og:locale\" content=\"en_US\" \/>\n<meta property=\"og:type\" content=\"article\" \/>\n<meta property=\"og:title\" content=\"Karku\u015f - Wayana Wine Bar\" \/>\n<meta property=\"og:description\" content=\"Mardin ve Tur Abdin b\u00f6lgesinin endemik S\u00fcryani beyaz\u0131 Karku\u015f nedir? Y\u00fcksek asiditesi, kal\u0131n kabu\u011fu ve sek \u015farapl\u0131k karakterini ke\u015ffedin.\" \/>\n<meta property=\"og:url\" content=\"https:\/\/www.wayanatapas.com\/en\/karkus\/\" \/>\n<meta property=\"og:site_name\" content=\"Wayana Wine Bar\" \/>\n<meta property=\"article:publisher\" content=\"https:\/\/www.facebook.com\/wayanatapas\/\" \/>\n<meta property=\"article:published_time\" content=\"2023-07-20T09:00:00+00:00\" \/>\n<meta property=\"article:modified_time\" content=\"2026-07-26T11:16:08+00:00\" \/>\n<meta property=\"og:image\" content=\"https:\/\/www.wayanatapas.com\/wp-content\/uploads\/2023\/07\/Karkus1.jpeg\" \/>\n\t<meta property=\"og:image:width\" content=\"1170\" \/>\n\t<meta property=\"og:image:height\" content=\"652\" \/>\n\t<meta property=\"og:image:type\" content=\"image\/jpeg\" \/>\n<meta name=\"author\" content=\"Admin_Wayana\" \/>\n<meta name=\"twitter:card\" content=\"summary_large_image\" \/>\n<meta name=\"twitter:label1\" content=\"Written by\" \/>\n\t<meta name=\"twitter:data1\" content=\"Admin_Wayana\" \/>\n\t<meta name=\"twitter:label2\" content=\"Est. reading time\" \/>\n\t<meta name=\"twitter:data2\" content=\"4 minutes\" \/>\n<script type=\"application\/ld+json\" class=\"yoast-schema-graph\">{\"@context\":\"https:\\\/\\\/schema.org\",\"@graph\":[{\"@type\":\"Article\",\"@id\":\"https:\\\/\\\/www.wayanatapas.com\\\/karkus\\\/#article\",\"isPartOf\":{\"@id\":\"https:\\\/\\\/www.wayanatapas.com\\\/karkus\\\/\"},\"author\":{\"name\":\"Admin_Wayana\",\"@id\":\"https:\\\/\\\/www.wayanatapas.com\\\/#\\\/schema\\\/person\\\/b935cb3cf25a9a9577a770fdda18d46f\"},\"headline\":\"Karku\u015f\",\"datePublished\":\"2023-07-20T09:00:00+00:00\",\"dateModified\":\"2026-07-26T11:16:08+00:00\",\"mainEntityOfPage\":{\"@id\":\"https:\\\/\\\/www.wayanatapas.com\\\/karkus\\\/\"},\"wordCount\":810,\"publisher\":{\"@id\":\"https:\\\/\\\/www.wayanatapas.com\\\/#organization\"},\"image\":{\"@id\":\"https:\\\/\\\/www.wayanatapas.com\\\/karkus\\\/#primaryimage\"},\"thumbnailUrl\":\"https:\\\/\\\/www.wayanatapas.com\\\/wp-content\\\/uploads\\\/2023\\\/07\\\/Karkus1.jpeg\",\"keywords\":[\"Beyaz \u015earap\",\"endemik \u00fcz\u00fcmler\",\"Karku\u015f\",\"Karku\u015f \u015farab\u0131\",\"Kerk\u00fc\u015f\",\"Mardin ba\u011fc\u0131l\u0131\u011f\u0131\",\"oenoloji\",\"S\u00fcryani \u015earaplar\u0131\",\"Tur Abdin \u00fcz\u00fcmleri\",\"WAYANA blog\",\"yerel \u015faraplar\"],\"articleSection\":[\"Anadolu \u00dcz\u00fcmleri\"],\"inLanguage\":\"en-US\"},{\"@type\":\"WebPage\",\"@id\":\"https:\\\/\\\/www.wayanatapas.com\\\/karkus\\\/\",\"url\":\"https:\\\/\\\/www.wayanatapas.com\\\/karkus\\\/\",\"name\":\"Karku\u015f - Wayana Wine Bar\",\"isPartOf\":{\"@id\":\"https:\\\/\\\/www.wayanatapas.com\\\/#website\"},\"primaryImageOfPage\":{\"@id\":\"https:\\\/\\\/www.wayanatapas.com\\\/karkus\\\/#primaryimage\"},\"image\":{\"@id\":\"https:\\\/\\\/www.wayanatapas.com\\\/karkus\\\/#primaryimage\"},\"thumbnailUrl\":\"https:\\\/\\\/www.wayanatapas.com\\\/wp-content\\\/uploads\\\/2023\\\/07\\\/Karkus1.jpeg\",\"datePublished\":\"2023-07-20T09:00:00+00:00\",\"dateModified\":\"2026-07-26T11:16:08+00:00\",\"description\":\"Mardin ve Tur Abdin b\u00f6lgesinin endemik S\u00fcryani beyaz\u0131 Karku\u015f nedir? Y\u00fcksek asiditesi, kal\u0131n kabu\u011fu ve sek \u015farapl\u0131k karakterini ke\u015ffedin.\",\"breadcrumb\":{\"@id\":\"https:\\\/\\\/www.wayanatapas.com\\\/karkus\\\/#breadcrumb\"},\"inLanguage\":\"en-US\",\"potentialAction\":[{\"@type\":\"ReadAction\",\"target\":[\"https:\\\/\\\/www.wayanatapas.com\\\/karkus\\\/\"]}]},{\"@type\":\"ImageObject\",\"inLanguage\":\"en-US\",\"@id\":\"https:\\\/\\\/www.wayanatapas.com\\\/karkus\\\/#primaryimage\",\"url\":\"https:\\\/\\\/www.wayanatapas.com\\\/wp-content\\\/uploads\\\/2023\\\/07\\\/Karkus1.jpeg\",\"contentUrl\":\"https:\\\/\\\/www.wayanatapas.com\\\/wp-content\\\/uploads\\\/2023\\\/07\\\/Karkus1.jpeg\",\"width\":1170,\"height\":652,\"caption\":\"Karku\u015f\"},{\"@type\":\"BreadcrumbList\",\"@id\":\"https:\\\/\\\/www.wayanatapas.com\\\/karkus\\\/#breadcrumb\",\"itemListElement\":[{\"@type\":\"ListItem\",\"position\":1,\"name\":\"Anasayfa\",\"item\":\"https:\\\/\\\/www.wayanatapas.com\\\/\"},{\"@type\":\"ListItem\",\"position\":2,\"name\":\"Karku\u015f\"}]},{\"@type\":\"WebSite\",\"@id\":\"https:\\\/\\\/www.wayanatapas.com\\\/#website\",\"url\":\"https:\\\/\\\/www.wayanatapas.com\\\/\",\"name\":\"Wayana Wine Bar\",\"description\":\"Wayana Tapas\",\"publisher\":{\"@id\":\"https:\\\/\\\/www.wayanatapas.com\\\/#organization\"},\"potentialAction\":[{\"@type\":\"SearchAction\",\"target\":{\"@type\":\"EntryPoint\",\"urlTemplate\":\"https:\\\/\\\/www.wayanatapas.com\\\/?s={search_term_string}\"},\"query-input\":{\"@type\":\"PropertyValueSpecification\",\"valueRequired\":true,\"valueName\":\"search_term_string\"}}],\"inLanguage\":\"en-US\"},{\"@type\":\"Organization\",\"@id\":\"https:\\\/\\\/www.wayanatapas.com\\\/#organization\",\"name\":\"Wayana Wine Bar\",\"url\":\"https:\\\/\\\/www.wayanatapas.com\\\/\",\"logo\":{\"@type\":\"ImageObject\",\"inLanguage\":\"en-US\",\"@id\":\"https:\\\/\\\/www.wayanatapas.com\\\/#\\\/schema\\\/logo\\\/image\\\/\",\"url\":\"https:\\\/\\\/www.wayanatapas.com\\\/wp-content\\\/uploads\\\/2023\\\/11\\\/LOGOTYPE-WAYANA-03.png\",\"contentUrl\":\"https:\\\/\\\/www.wayanatapas.com\\\/wp-content\\\/uploads\\\/2023\\\/11\\\/LOGOTYPE-WAYANA-03.png\",\"width\":626,\"height\":209,\"caption\":\"Wayana Wine Bar\"},\"image\":{\"@id\":\"https:\\\/\\\/www.wayanatapas.com\\\/#\\\/schema\\\/logo\\\/image\\\/\"},\"sameAs\":[\"https:\\\/\\\/www.facebook.com\\\/wayanatapas\\\/\",\"https:\\\/\\\/www.instagram.com\\\/wayanatapas\\\/\"]},{\"@type\":\"Person\",\"@id\":\"https:\\\/\\\/www.wayanatapas.com\\\/#\\\/schema\\\/person\\\/b935cb3cf25a9a9577a770fdda18d46f\",\"name\":\"Admin_Wayana\",\"image\":{\"@type\":\"ImageObject\",\"inLanguage\":\"en-US\",\"@id\":\"https:\\\/\\\/www.wayanatapas.com\\\/wp-content\\\/litespeed\\\/avatar\\\/24813a40b4ac5fe3ace444a8f914bc1e.jpg?ver=1788219761\",\"url\":\"https:\\\/\\\/www.wayanatapas.com\\\/wp-content\\\/litespeed\\\/avatar\\\/24813a40b4ac5fe3ace444a8f914bc1e.jpg?ver=1788219761\",\"contentUrl\":\"https:\\\/\\\/www.wayanatapas.com\\\/wp-content\\\/litespeed\\\/avatar\\\/24813a40b4ac5fe3ace444a8f914bc1e.jpg?ver=1788219761\",\"caption\":\"Admin_Wayana\"},\"sameAs\":[\"http:\\\/\\\/www.wayanatapas.com\"],\"url\":\"https:\\\/\\\/www.wayanatapas.com\\\/en\\\/author\\\/admin_wayana\\\/\"}]}<\/script>\n<!-- \/ Yoast SEO plugin. -->","yoast_head_json":{"title":"Karku\u015f - Wayana Wine Bar","description":"Mardin ve Tur Abdin b\u00f6lgesinin endemik S\u00fcryani beyaz\u0131 Karku\u015f nedir? Y\u00fcksek asiditesi, kal\u0131n kabu\u011fu ve sek \u015farapl\u0131k karakterini ke\u015ffedin.","robots":{"index":"index","follow":"follow","max-snippet":"max-snippet:-1","max-image-preview":"max-image-preview:large","max-video-preview":"max-video-preview:-1"},"canonical":"https:\/\/www.wayanatapas.com\/en\/karkus\/","og_locale":"en_US","og_type":"article","og_title":"Karku\u015f - Wayana Wine Bar","og_description":"Mardin ve Tur Abdin b\u00f6lgesinin endemik S\u00fcryani beyaz\u0131 Karku\u015f nedir? Y\u00fcksek asiditesi, kal\u0131n kabu\u011fu ve sek \u015farapl\u0131k karakterini ke\u015ffedin.","og_url":"https:\/\/www.wayanatapas.com\/en\/karkus\/","og_site_name":"Wayana Wine Bar","article_publisher":"https:\/\/www.facebook.com\/wayanatapas\/","article_published_time":"2023-07-20T09:00:00+00:00","article_modified_time":"2026-07-26T11:16:08+00:00","og_image":[{"width":1170,"height":652,"url":"https:\/\/www.wayanatapas.com\/wp-content\/uploads\/2023\/07\/Karkus1.jpeg","type":"image\/jpeg"}],"author":"Admin_Wayana","twitter_card":"summary_large_image","twitter_misc":{"Written by":"Admin_Wayana","Est. reading time":"4 minutes"},"schema":{"@context":"https:\/\/schema.org","@graph":[{"@type":"Article","@id":"https:\/\/www.wayanatapas.com\/karkus\/#article","isPartOf":{"@id":"https:\/\/www.wayanatapas.com\/karkus\/"},"author":{"name":"Admin_Wayana","@id":"https:\/\/www.wayanatapas.com\/#\/schema\/person\/b935cb3cf25a9a9577a770fdda18d46f"},"headline":"Karku\u015f","datePublished":"2023-07-20T09:00:00+00:00","dateModified":"2026-07-26T11:16:08+00:00","mainEntityOfPage":{"@id":"https:\/\/www.wayanatapas.com\/karkus\/"},"wordCount":810,"publisher":{"@id":"https:\/\/www.wayanatapas.com\/#organization"},"image":{"@id":"https:\/\/www.wayanatapas.com\/karkus\/#primaryimage"},"thumbnailUrl":"https:\/\/www.wayanatapas.com\/wp-content\/uploads\/2023\/07\/Karkus1.jpeg","keywords":["Beyaz \u015earap","endemik \u00fcz\u00fcmler","Karku\u015f","Karku\u015f \u015farab\u0131","Kerk\u00fc\u015f","Mardin ba\u011fc\u0131l\u0131\u011f\u0131","oenoloji","S\u00fcryani \u015earaplar\u0131","Tur Abdin \u00fcz\u00fcmleri","WAYANA blog","yerel \u015faraplar"],"articleSection":["Anadolu \u00dcz\u00fcmleri"],"inLanguage":"en-US"},{"@type":"WebPage","@id":"https:\/\/www.wayanatapas.com\/karkus\/","url":"https:\/\/www.wayanatapas.com\/karkus\/","name":"Karku\u015f - Wayana Wine Bar","isPartOf":{"@id":"https:\/\/www.wayanatapas.com\/#website"},"primaryImageOfPage":{"@id":"https:\/\/www.wayanatapas.com\/karkus\/#primaryimage"},"image":{"@id":"https:\/\/www.wayanatapas.com\/karkus\/#primaryimage"},"thumbnailUrl":"https:\/\/www.wayanatapas.com\/wp-content\/uploads\/2023\/07\/Karkus1.jpeg","datePublished":"2023-07-20T09:00:00+00:00","dateModified":"2026-07-26T11:16:08+00:00","description":"Mardin ve Tur Abdin b\u00f6lgesinin endemik S\u00fcryani beyaz\u0131 Karku\u015f nedir? Y\u00fcksek asiditesi, kal\u0131n kabu\u011fu ve sek \u015farapl\u0131k karakterini ke\u015ffedin.","breadcrumb":{"@id":"https:\/\/www.wayanatapas.com\/karkus\/#breadcrumb"},"inLanguage":"en-US","potentialAction":[{"@type":"ReadAction","target":["https:\/\/www.wayanatapas.com\/karkus\/"]}]},{"@type":"ImageObject","inLanguage":"en-US","@id":"https:\/\/www.wayanatapas.com\/karkus\/#primaryimage","url":"https:\/\/www.wayanatapas.com\/wp-content\/uploads\/2023\/07\/Karkus1.jpeg","contentUrl":"https:\/\/www.wayanatapas.com\/wp-content\/uploads\/2023\/07\/Karkus1.jpeg","width":1170,"height":652,"caption":"Karku\u015f"},{"@type":"BreadcrumbList","@id":"https:\/\/www.wayanatapas.com\/karkus\/#breadcrumb","itemListElement":[{"@type":"ListItem","position":1,"name":"Anasayfa","item":"https:\/\/www.wayanatapas.com\/"},{"@type":"ListItem","position":2,"name":"Karku\u015f"}]},{"@type":"WebSite","@id":"https:\/\/www.wayanatapas.com\/#website","url":"https:\/\/www.wayanatapas.com\/","name":"Wayana Wine Bar","description":"Wayana Tapas","publisher":{"@id":"https:\/\/www.wayanatapas.com\/#organization"},"potentialAction":[{"@type":"SearchAction","target":{"@type":"EntryPoint","urlTemplate":"https:\/\/www.wayanatapas.com\/?s={search_term_string}"},"query-input":{"@type":"PropertyValueSpecification","valueRequired":true,"valueName":"search_term_string"}}],"inLanguage":"en-US"},{"@type":"Organization","@id":"https:\/\/www.wayanatapas.com\/#organization","name":"Wayana Wine Bar","url":"https:\/\/www.wayanatapas.com\/","logo":{"@type":"ImageObject","inLanguage":"en-US","@id":"https:\/\/www.wayanatapas.com\/#\/schema\/logo\/image\/","url":"https:\/\/www.wayanatapas.com\/wp-content\/uploads\/2023\/11\/LOGOTYPE-WAYANA-03.png","contentUrl":"https:\/\/www.wayanatapas.com\/wp-content\/uploads\/2023\/11\/LOGOTYPE-WAYANA-03.png","width":626,"height":209,"caption":"Wayana Wine Bar"},"image":{"@id":"https:\/\/www.wayanatapas.com\/#\/schema\/logo\/image\/"},"sameAs":["https:\/\/www.facebook.com\/wayanatapas\/","https:\/\/www.instagram.com\/wayanatapas\/"]},{"@type":"Person","@id":"https:\/\/www.wayanatapas.com\/#\/schema\/person\/b935cb3cf25a9a9577a770fdda18d46f","name":"Admin_Wayana","image":{"@type":"ImageObject","inLanguage":"en-US","@id":"https:\/\/www.wayanatapas.com\/wp-content\/litespeed\/avatar\/24813a40b4ac5fe3ace444a8f914bc1e.jpg?ver=1788219761","url":"https:\/\/www.wayanatapas.com\/wp-content\/litespeed\/avatar\/24813a40b4ac5fe3ace444a8f914bc1e.jpg?ver=1788219761","contentUrl":"https:\/\/www.wayanatapas.com\/wp-content\/litespeed\/avatar\/24813a40b4ac5fe3ace444a8f914bc1e.jpg?ver=1788219761","caption":"Admin_Wayana"},"sameAs":["http:\/\/www.wayanatapas.com"],"url":"https:\/\/www.wayanatapas.com\/en\/author\/admin_wayana\/"}]}},"_links":{"self":[{"href":"https:\/\/www.wayanatapas.com\/en\/wp-json\/wp\/v2\/posts\/990426","targetHints":{"allow":["GET"]}}],"collection":[{"href":"https:\/\/www.wayanatapas.com\/en\/wp-json\/wp\/v2\/posts"}],"about":[{"href":"https:\/\/www.wayanatapas.com\/en\/wp-json\/wp\/v2\/types\/post"}],"author":[{"embeddable":true,"href":"https:\/\/www.wayanatapas.com\/en\/wp-json\/wp\/v2\/users\/1"}],"replies":[{"embeddable":true,"href":"https:\/\/www.wayanatapas.com\/en\/wp-json\/wp\/v2\/comments?post=990426"}],"version-history":[{"count":4,"href":"https:\/\/www.wayanatapas.com\/en\/wp-json\/wp\/v2\/posts\/990426\/revisions"}],"predecessor-version":[{"id":994256,"href":"https:\/\/www.wayanatapas.com\/en\/wp-json\/wp\/v2\/posts\/990426\/revisions\/994256"}],"wp:featuredmedia":[{"embeddable":true,"href":"https:\/\/www.wayanatapas.com\/en\/wp-json\/wp\/v2\/media\/990428"}],"wp:attachment":[{"href":"https:\/\/www.wayanatapas.com\/en\/wp-json\/wp\/v2\/media?parent=990426"}],"wp:term":[{"taxonomy":"category","embeddable":true,"href":"https:\/\/www.wayanatapas.com\/en\/wp-json\/wp\/v2\/categories?post=990426"},{"taxonomy":"post_tag","embeddable":true,"href":"https:\/\/www.wayanatapas.com\/en\/wp-json\/wp\/v2\/tags?post=990426"}],"curies":[{"name":"wp","href":"https:\/\/api.w.org\/{rel}","templated":true}]}}