{"id":990940,"date":"2024-03-15T16:41:36","date_gmt":"2024-03-15T13:41:36","guid":{"rendered":"https:\/\/www.wayanatapas.com\/?p=990940"},"modified":"2026-07-15T19:31:49","modified_gmt":"2026-07-15T16:31:49","slug":"sarap-icerken-meyveyi-fark-etmek","status":"publish","type":"post","link":"https:\/\/www.wayanatapas.com\/en\/sarap-icerken-meyveyi-fark-etmek\/","title":{"rendered":"\u015earap \u0130\u00e7erken Meyveyi Fark Etmek \u00a0"},"content":{"rendered":"<div class=\"vgblk-rw-wrapper limit-wrapper\">\r\n<figure class=\"wp-block-table\">\r\n<table>\r\n<tbody>\r\n<tr>\r\n<td><strong>&#8220;Kadehimden bir yudum ald\u0131\u011f\u0131mda kar\u015f\u0131ma \u00e7\u0131kan m\u00fcrd\u00fcm eri\u011fi tad\u0131na vurulmamak elde de\u011fil. Ya geriden geriden gelen misket limonuna ne demeli? &#8220;<\/strong><\/td>\r\n<\/tr>\r\n<tr>\r\n<td>\r\n<p>The imaginary expression above must be the level that all wine lovers, who are curious about wine but are just at the beginning of the process of discovering the secrets of wine, define as nirvana. Wine experience is a process that spans many years and, admittedly, never ends. So, a good wine lover should keep in mind that he is an enthusiast who chooses to be a lifelong student.<br \/><br \/>\u015earaptaki en \u00f6nemli tatlardan birini meyveler olu\u015fturur. Meyve tatlar\u0131n\u0131 de\u015fifre etmek i\u00e7in daha kolay olan birinci ad\u0131m meyve gruplar\u0131na odaklanmak olmal\u0131. Biz de bu yaz\u0131y\u0131 meyve gruplar\u0131na ve hangi \u015faraplarda s\u0131kl\u0131kla kar\u015f\u0131la\u015ft\u0131\u011f\u0131m\u0131za ay\u0131rd\u0131k. Yaz\u0131n\u0131n giri\u015finde yer alan misket limonu bulmak kolay olmasa da, ba\u011fl\u0131 oldu\u011fu grubu bulmak hayat\u0131 kolayla\u015ft\u0131rabilir.<\/p>\r\n<h2>Nokta At\u0131\u015f\u0131 Aramaktan Vazge\u00e7mek: &#8220;Meyve Aileleri&#8221; Metodolojisi<\/h2>\r\n<p>\u015earap tad\u0131m\u0131na yeni ad\u0131m atan pek \u00e7ok \u015farap severin yapt\u0131\u011f\u0131 en yayg\u0131n hata, kadehten y\u00fckselen o karma\u015f\u0131k aromalar aras\u0131ndan nokta at\u0131\u015f\u0131 bir &#8220;yaban mersini&#8221; veya &#8220;olgun m\u00fcrd\u00fcm eri\u011fi&#8221; avlamaya \u00e7al\u0131\u015fmakt\u0131r. Oysa beynimiz ve koku haf\u0131zam\u0131z bu \u015fekilde \u00e7al\u0131\u015fmaz. Profesyonel tad\u0131mc\u0131lar kadehe burunlar\u0131n\u0131 dald\u0131rd\u0131klar\u0131nda \u00f6nce tekil meyveleri de\u011fil, &#8220;meyve ailelerini&#8221; ararlar. K\u0131rm\u0131z\u0131 \u015faraplarda k\u0131rm\u0131z\u0131 orman meyveleri (\u00e7ilek, ahududu, k\u0131z\u0131lc\u0131k) mi, yoksa siyah meyveler (b\u00f6\u011f\u00fcrtlen, yaban mersini, siyah erik) mi bask\u0131n? Beyaz \u015faraplarda narenciye (limon, greyfurt) tonlar\u0131 m\u0131 \u00f6ne \u00e7\u0131k\u0131yor, yoksa ta\u015f \u00e7ekirdekli meyveler (\u015feftali, kay\u0131s\u0131) ya da egzotik-tropikal esintiler (ananas, mango) mi? Bu geni\u015f aileleri bir kez kategorize etti\u011finizde, zihniniz kendili\u011finden o narin meyvelerin alt detaylar\u0131n\u0131 f\u0131s\u0131ldamaya ba\u015flayacakt\u0131r. Nokta at\u0131\u015f\u0131 yapma bask\u0131s\u0131n\u0131 \u00fczerinizden att\u0131\u011f\u0131n\u0131zda, kadehteki o d\u00fcr\u00fcst meyvemsili\u011fi \u00e7ok daha zahmetsizce ve keyifle fark etti\u011finizi g\u00f6receksiniz.<\/p>\r\n<h2>Koku Haf\u0131zas\u0131n\u0131n Biyolojisi: Neden \u015earapta Olmayan Meyveleri Koklar\u0131z?<\/h2>\r\n<p>Tad\u0131m esnas\u0131nda \u015faraba hi\u00e7bir harici meyve eklenmedi\u011fi halde kadehte muz, \u00e7ilek veya nektarin aromalar\u0131 alg\u0131lamam\u0131z kimyasal ve n\u00f6rolojik birer ger\u00e7ekliktir. \u00dcz\u00fcm tanesi fermente olurken, alkol, asit ve maya h\u00fccrelerinin o dikey etkile\u015fimi sayesinde binlerce farkl\u0131 u\u00e7ucu aroma bile\u015fi\u011fi (esterler, pirazinler ve terpenler) sentezlenir. Bu u\u00e7ucu molek\u00fcller, do\u011fadaki di\u011fer meyvelerin koku profillerini olu\u015fturan kimyasal bile\u015fiklerle birebir ayn\u0131 molek\u00fcler yap\u0131ya sahiptir. \u00d6rne\u011fin, karbonik maserasyonla \u00fcretilen bir \u015faraptaki muz kokusunu veren &#8220;izoamil asetat&#8221; molek\u00fcl\u00fc, muz meyvesinin kendi i\u00e7inde de bulunan kimyasal yap\u0131n\u0131n ta kendisidir. Koku molek\u00fclleri burnumuzdaki resept\u00f6rleri uyard\u0131\u011f\u0131nda, beynimizin en ilkel ve duygusal b\u00f6lgesi olan amigdala ile hipokampus devreye girer. \u015earap i\u00e7erken ald\u0131\u011f\u0131m\u0131z o taze vi\u015fne kokusu, asl\u0131nda zihnimizin o kimyasal molek\u00fcl\u00fc ge\u00e7mi\u015f ya\u015fant\u0131m\u0131zdaki meyve an\u0131lar\u0131yla d\u00fcr\u00fcst\u00e7e e\u015fle\u015ftirmesinden ibarettir.<\/p>\r\n<p>First, we will look at fruit groups in terms of red wines and then move to the whites.<\/p>\r\n<h2>K\u0131rm\u0131z\u0131 \u015earaplar:<\/h2>\r\n<p>It would be correct to group the fruit flavors we encounter in red wines under three headings:<\/p>\r\n<h3>K\u0131rm\u0131z\u0131 Meyveler:<\/h3>\r\n<p>Kiraz, frambuaz, \u00e7ilek gibi meyvelerden meydana gelen bu k\u00fcme Pinot Noir, Gamay, Sangiovese, \u00c7al Karas\u0131, Fersun gibi \u00fcz\u00fcmlerden yap\u0131lan hafif g\u00f6vdeli \u015faraplarda daha \u00e7ok kar\u015f\u0131m\u0131za \u00e7\u0131kar.<\/p>\r\n<h3>Siyah Meyveler:<\/h3>\r\n<p>B\u00f6\u011f\u00fcrtlen, yaban mersini, ku\u015f \u00fcz\u00fcm\u00fc, vi\u015fne tatlar\u0131n\u0131 Cabernet Sauvignon, Tempranillo, Merlot, Malbec, \u00d6k\u00fczg\u00f6z\u00fc, Merzifon Karas\u0131 gibi \u00fcz\u00fcmlerden yap\u0131lan orta ve tam g\u00f6vdeli \u015faraplarda g\u00f6r\u00fcr\u00fcz.<\/p>\r\n<h3>Kuru Meyveler:<\/h3>\r\n<p>K\u0131rm\u0131z\u0131 \u015faraplarda kar\u015f\u0131la\u015ft\u0131\u011f\u0131m\u0131z kuru kay\u0131s\u0131, kuru \u00fcz\u00fcm, kuru erik, hurma tatlar\u0131 daha \u00e7ok \u015farap olgunla\u015ft\u0131\u011f\u0131nda ortaya \u00e7\u0131kar. Olgunla\u015fma esnas\u0131nda devam eden mikrofermantasyon, taze meyve tatlar\u0131n\u0131n giderek kuru meyve tatlar\u0131na d\u00f6n\u00fc\u015fmesini sa\u011flar.<br \/>\u015earap tadarken nokta at\u0131\u015f\u0131 yapmak m\u00fcmk\u00fcn olmasa bile, meyve gruplar\u0131n\u0131n yans\u0131malar\u0131n\u0131 ke\u015ffetmek \u015farap severin i\u015fini kolayla\u015ft\u0131r\u0131r. Bir sonraki sefer k\u0131rm\u0131z\u0131 \u015farab\u0131n\u0131z\u0131 yudumlarken hangi meyve grubunu alg\u0131lad\u0131\u011f\u0131n\u0131z\u0131 sorgulamay\u0131 unutmay\u0131n. \u00a0<\/p>\r\n<h2>White Wines<\/h2>\r\n<p>Beyaz \u015faraplara geldi\u011fimizde de k\u0131rm\u0131z\u0131 \u015faraplarda oldu\u011fu gibi, farkl\u0131 meyve gruplar\u0131n\u0131 aroma ve tatlar\u0131 a\u00e7\u0131s\u0131ndan oda\u011f\u0131m\u0131za almak e\u015fle\u015ftirmeyi kolayla\u015ft\u0131r\u0131r. Beyaz \u015faraplardaki ana grup say\u0131s\u0131, k\u0131rm\u0131z\u0131 \u015faraplardakinden daha fazlad\u0131r. \u00a0<\/p>\r\n<h3>Ye\u015fil Meyveler:<\/h3>\r\n<p>Bu meyve grubunda elma, armut ve \u00fcz\u00fcm\u00fcn kendisi yer al\u0131r. Uluslararas\u0131 yayg\u0131nl\u0131\u011fa sahip \u00fcz\u00fcmlerden Chardonnay, \u00fclkemizin endemik \u00fcz\u00fcmlerinden Narince ve Sultaniye elma ve armut tatlar\u0131yla en \u00e7ok tercih edilen beyaz \u015faraplar aras\u0131nda yer al\u0131r. <strong>\u00a0<\/strong><\/p>\r\n<h3>Narenciye Grubundaki Meyveler:<\/h3>\r\n<p>Limon, misket limonu, mandalina, greyfurt, turun\u00e7 ve portakal meyvelerinin yans\u0131malar\u0131n\u0131 yo\u011fun hissetti\u011fimiz \u015faraplar vard\u0131r. D\u00fcnyada en \u00e7ok tercih edilen beyaz \u015faraplardan Sauvignon Blanc bu \u015faraplar\u0131n ba\u015f\u0131nda gelir. Ten G\u00f6ynek ve Ak\u00fcz\u00fcm endemik \u00fcz\u00fcmlerimizden yap\u0131lan \u015faraplarda narenciye \u00e7a\u011fr\u0131\u015f\u0131mlar\u0131 hissedilir.<\/p>\r\n<h3>\u00c7ekirdekli Meyveler:<\/h3>\r\n<p>\u015eeftali, kay\u0131s\u0131, nektarin, erik gibi meyveler bu grupta yer al\u0131r. Almanya k\u00f6kenli Riesling \u00fcz\u00fcm\u00fcnden yap\u0131lan \u015faraplar bu kategorinin g\u00fczel \u00f6rnekleridir. <strong>\u00a0<\/strong><\/p>\r\n<h3>Tropikal Meyveler:<\/h3>\r\n<p>Muz, mango, ananas gibi egzotik tatlara sahip meyve tatlar\u0131 da kimi \u015faraplarda kar\u015f\u0131m\u0131za \u00e7\u0131kar. Frans\u0131zlar\u0131n Semillon, Almanlar\u0131n Gew\u00fcrtztraminer, bizim Misket \u015faraplar\u0131nda tropikal meyveler \u00f6ne \u00e7\u0131kar. \u00a0<\/p>\r\n<p data-path-to-node=\"35\">\u015earapta o narin meyve aromalar\u0131n\u0131 fark etmenin n\u00f6ro-biyolojik yollar\u0131, koku haf\u0131zam\u0131z\u0131n amigdala derinliklerindeki o taklit edilemez zaman yolculu\u011fu ve tad\u0131m metodolojileri ilginizi \u00e7ekiyorsa, blogumuzdaki di\u011fer nitelikli teknik ara\u015ft\u0131rmalar\u0131m\u0131za da g\u00f6z atabilirsiniz:<\/p>\r\n<ul data-path-to-node=\"36\">\r\n<li>\r\n<p data-path-to-node=\"36,0,0\">\u015earapta alg\u0131lad\u0131\u011f\u0131n\u0131z o dikey ve taze k\u0131rm\u0131z\u0131 meyve aromalar\u0131n\u0131 (\u00f6zellikle muz, tar\u00e7\u0131n ve sak\u0131z esterlerini) d\u0131\u015far\u0131dan hi\u00e7bir maya m\u00fcdahalesi olmadan, asman\u0131n kendi h\u00fccre i\u00e7i fermentasyonuyla tasarlayan o avangart mahzen tekni\u011fini okumak i\u00e7in <a href=\"https:\/\/www.wayanatapas.com\/en\/karbonik-maserasyon\/\" target=\"_blank\" rel=\"noopener\"><span style=\"color: #3366ff;\"><b data-path-to-node=\"36,0,0\" data-index-in-node=\"243\">Carbonic  Maceration<\/b><\/span><\/a>\u00a0biyokimya \u00e7al\u0131\u015fmam\u0131z\u0131 ziyaret edebilirsiniz.<\/p>\r\n<\/li>\r\n<li>\r\n<p data-path-to-node=\"36,1,0\">Kadehten y\u00fckselen u\u00e7ucu meyve molek\u00fcllerinin amigdala ve hipokampus s\u0131n\u0131rlar\u0131nda nas\u0131l anl\u0131k birer zaman yolculu\u011fu tetikledi\u011fini; kokunun insan haf\u0131zas\u0131 \u00fczerindeki o sars\u0131lmaz ve sars\u0131c\u0131 g\u00fcc\u00fcn\u00fc ke\u015ffetmek i\u00e7in <a href=\"https:\/\/www.wayanatapas.com\/en\/proust-fenomeni-sarapta-koku-hafizasi-ve-bellegin-gucu\/\" target=\"_blank\" rel=\"noopener\"><span style=\"color: #3366ff;\"><b data-path-to-node=\"36,1,0\" data-index-in-node=\"209\">Proust Fenomeni: \u015earapta Koku Haf\u0131zas\u0131 ve Belle\u011fin G\u00fcc\u00fc<\/b><\/span><\/a>\u00a0psikolojik enoloji yaz\u0131m\u0131z\u0131 inceleyebilirsiniz.<\/p>\r\n<\/li>\r\n<li>\r\n<p data-path-to-node=\"36,2,0\">Tadarken hissetti\u011fimiz o narin meyvemsi dengelerin arkas\u0131ndaki o keskin malik asit yap\u0131s\u0131n\u0131n; f\u0131\u00e7\u0131larda laktik asit bakterileriyle nas\u0131l ipeksi, tereya\u011f\u0131ms\u0131 ve kremams\u0131 birer dokuya d\u00f6n\u00fc\u015ft\u00fcr\u00fcld\u00fc\u011f\u00fcn\u00fcn kimyasal s\u0131rlar\u0131n\u0131 \u00f6\u011frenmek i\u00e7in <a href=\"https:\/\/www.wayanatapas.com\/en\/sarapcadan-turkceye-malolaktik-fermantasyon\/\" target=\"_blank\" rel=\"noopener\"><span style=\"color: #3366ff;\"><b data-path-to-node=\"36,2,0\" data-index-in-node=\"233\">\u015earap\u00e7adan T\u00fcrk\u00e7eye: Malolaktik Fermantasyon<\/b><\/span><\/a>\u00a0asit d\u00f6n\u00fc\u015f\u00fcm k\u0131lavuzumuza g\u00f6z atabilirsiniz.<\/p>\r\n<\/li>\r\n<li>\r\n<p data-path-to-node=\"36,3,0\">Tad\u0131mdaki o t\u0131n\u0131sal \u00e7\u0131nlamalar\u0131n ve kadeh toku\u015fturma anlar\u0131ndaki ses frekanslar\u0131n\u0131n; beynimizin orbitofrontal korteksinde \u015farab\u0131n alg\u0131lanan meyvemsili\u011fini ve asiditesini nas\u0131l dikey olarak de\u011fi\u015ftirdi\u011fini kan\u0131tlayan \u00e7al\u0131\u015fmam\u0131z i\u00e7in <a href=\"https:\/\/www.wayanatapas.com\/en\/wayana-301-tadiminda-muzik-ve-sarap-iliskisi-1\/\" target=\"_blank\" rel=\"noopener\"><span style=\"color: #3366ff;\"><b data-path-to-node=\"36,3,0\" data-index-in-node=\"231\">WAYANA 301: M\u00fczik ve \u015earap \u0130li\u015fkisi &#8211; 1<\/b><\/span><\/a>\u00a0n\u00f6ro-gastronomi makalemize bakabilirsiniz.<\/p>\r\n<\/li>\r\n<\/ul>\r\n<\/td>\r\n<\/tr>\r\n<\/tbody>\r\n<\/table>\r\n<\/figure>\r\n<\/div><!-- .vgblk-rw-wrapper -->","protected":false},"excerpt":{"rendered":"<p>\"When I take a sip from my glass, it is impossible not to be impressed by the taste of plum. What about the lime that comes from behind?\"<\/p>","protected":false},"author":2,"featured_media":990941,"comment_status":"open","ping_status":"open","sticky":false,"template":"","format":"standard","meta":{"_joinchat":[],"footnotes":""},"categories":[273],"tags":[1491,1490,1489,1487,1492,1488,1493],"class_list":["post-990940","post","type-post","status-publish","format-standard","has-post-thumbnail","hentry","category-sarap-tadimindaki-incelikler","tag-beyaz-sarap-meyve","tag-kirmizi-meyve-aromalari","tag-sarap-koku-hafizasi","tag-sarap-tadim-aromalari","tag-sarap-tadim-rehberi","tag-sarapta-meyve-kokusu","tag-wayana-egitim"],"yoast_head":"<!-- This site is optimized with the Yoast SEO plugin v27.7 - https:\/\/yoast.com\/product\/yoast-seo-wordpress\/ -->\n<title>\u015earap \u0130\u00e7erken Meyveyi Fark Etmek \u00a0 - Wayana Wine Bar<\/title>\n<meta name=\"description\" content=\"\u015earap tad\u0131m\u0131nda meyve aromalar\u0131n\u0131 fark etmenin kolay yollar\u0131n\u0131 ke\u015ffedin. Meyve gruplama y\u00f6ntemini ve koku haf\u0131zas\u0131n\u0131n biyolojisini inceliyoruz.\" \/>\n<meta name=\"robots\" content=\"index, follow, max-snippet:-1, max-image-preview:large, max-video-preview:-1\" \/>\n<link rel=\"canonical\" href=\"https:\/\/www.wayanatapas.com\/en\/sarap-icerken-meyveyi-fark-etmek\/\" \/>\n<meta property=\"og:locale\" content=\"en_US\" \/>\n<meta property=\"og:type\" content=\"article\" \/>\n<meta property=\"og:title\" content=\"\u015earap \u0130\u00e7erken Meyveyi Fark Etmek \u00a0 - Wayana Wine Bar\" \/>\n<meta property=\"og:description\" content=\"\u015earap tad\u0131m\u0131nda meyve aromalar\u0131n\u0131 fark etmenin kolay yollar\u0131n\u0131 ke\u015ffedin. Meyve gruplama y\u00f6ntemini ve koku haf\u0131zas\u0131n\u0131n biyolojisini inceliyoruz.\" \/>\n<meta property=\"og:url\" content=\"https:\/\/www.wayanatapas.com\/en\/sarap-icerken-meyveyi-fark-etmek\/\" \/>\n<meta property=\"og:site_name\" content=\"Wayana Wine Bar\" \/>\n<meta property=\"article:publisher\" content=\"https:\/\/www.facebook.com\/wayanatapas\/\" \/>\n<meta property=\"article:published_time\" content=\"2024-03-15T13:41:36+00:00\" \/>\n<meta property=\"article:modified_time\" content=\"2026-07-15T16:31:49+00:00\" \/>\n<meta property=\"og:image\" content=\"https:\/\/www.wayanatapas.com\/wp-content\/uploads\/2024\/03\/Sarapta-Meyve-Gruplarinin-Fark-Edilmesi.jpeg\" \/>\n\t<meta property=\"og:image:width\" content=\"1024\" \/>\n\t<meta property=\"og:image:height\" content=\"1024\" \/>\n\t<meta property=\"og:image:type\" content=\"image\/jpeg\" \/>\n<meta name=\"author\" content=\"Cenap Kuzuo\u011flu\" \/>\n<meta name=\"twitter:card\" content=\"summary_large_image\" \/>\n<meta name=\"twitter:label1\" content=\"Written by\" \/>\n\t<meta name=\"twitter:data1\" content=\"Cenap Kuzuo\u011flu\" \/>\n\t<meta name=\"twitter:label2\" content=\"Est. reading time\" \/>\n\t<meta name=\"twitter:data2\" content=\"6 minutes\" \/>\n<script type=\"application\/ld+json\" class=\"yoast-schema-graph\">{\"@context\":\"https:\\\/\\\/schema.org\",\"@graph\":[{\"@type\":\"Article\",\"@id\":\"https:\\\/\\\/www.wayanatapas.com\\\/sarap-icerken-meyveyi-fark-etmek\\\/#article\",\"isPartOf\":{\"@id\":\"https:\\\/\\\/www.wayanatapas.com\\\/sarap-icerken-meyveyi-fark-etmek\\\/\"},\"author\":{\"name\":\"Cenap Kuzuo\u011flu\",\"@id\":\"https:\\\/\\\/www.wayanatapas.com\\\/#\\\/schema\\\/person\\\/851ceffa51197e2af70b71c125f2bd04\"},\"headline\":\"\u015earap \u0130\u00e7erken Meyveyi Fark Etmek \u00a0\",\"datePublished\":\"2024-03-15T13:41:36+00:00\",\"dateModified\":\"2026-07-15T16:31:49+00:00\",\"mainEntityOfPage\":{\"@id\":\"https:\\\/\\\/www.wayanatapas.com\\\/sarap-icerken-meyveyi-fark-etmek\\\/\"},\"wordCount\":1248,\"commentCount\":0,\"publisher\":{\"@id\":\"https:\\\/\\\/www.wayanatapas.com\\\/#organization\"},\"image\":{\"@id\":\"https:\\\/\\\/www.wayanatapas.com\\\/sarap-icerken-meyveyi-fark-etmek\\\/#primaryimage\"},\"thumbnailUrl\":\"https:\\\/\\\/www.wayanatapas.com\\\/wp-content\\\/uploads\\\/2024\\\/03\\\/Sarapta-Meyve-Gruplarinin-Fark-Edilmesi.jpeg\",\"keywords\":[\"beyaz \u015farap meyve\",\"k\u0131rm\u0131z\u0131 meyve aromalar\u0131\",\"\u015farap koku hafizasi\",\"\u015farap tad\u0131m aromalar\u0131\",\"\u015farap tad\u0131m rehberi\",\"\u015farapta meyve kokusu\",\"WAYANA e\u011fitim\"],\"articleSection\":[\"\u015earap Tad\u0131m\u0131ndaki \u0130ncelikler\"],\"inLanguage\":\"en-US\",\"potentialAction\":[{\"@type\":\"CommentAction\",\"name\":\"Comment\",\"target\":[\"https:\\\/\\\/www.wayanatapas.com\\\/sarap-icerken-meyveyi-fark-etmek\\\/#respond\"]}]},{\"@type\":\"WebPage\",\"@id\":\"https:\\\/\\\/www.wayanatapas.com\\\/sarap-icerken-meyveyi-fark-etmek\\\/\",\"url\":\"https:\\\/\\\/www.wayanatapas.com\\\/sarap-icerken-meyveyi-fark-etmek\\\/\",\"name\":\"\u015earap \u0130\u00e7erken Meyveyi Fark Etmek \u00a0 - Wayana Wine Bar\",\"isPartOf\":{\"@id\":\"https:\\\/\\\/www.wayanatapas.com\\\/#website\"},\"primaryImageOfPage\":{\"@id\":\"https:\\\/\\\/www.wayanatapas.com\\\/sarap-icerken-meyveyi-fark-etmek\\\/#primaryimage\"},\"image\":{\"@id\":\"https:\\\/\\\/www.wayanatapas.com\\\/sarap-icerken-meyveyi-fark-etmek\\\/#primaryimage\"},\"thumbnailUrl\":\"https:\\\/\\\/www.wayanatapas.com\\\/wp-content\\\/uploads\\\/2024\\\/03\\\/Sarapta-Meyve-Gruplarinin-Fark-Edilmesi.jpeg\",\"datePublished\":\"2024-03-15T13:41:36+00:00\",\"dateModified\":\"2026-07-15T16:31:49+00:00\",\"description\":\"\u015earap tad\u0131m\u0131nda meyve aromalar\u0131n\u0131 fark etmenin kolay yollar\u0131n\u0131 ke\u015ffedin. Meyve gruplama y\u00f6ntemini ve koku haf\u0131zas\u0131n\u0131n biyolojisini inceliyoruz.\",\"breadcrumb\":{\"@id\":\"https:\\\/\\\/www.wayanatapas.com\\\/sarap-icerken-meyveyi-fark-etmek\\\/#breadcrumb\"},\"inLanguage\":\"en-US\",\"potentialAction\":[{\"@type\":\"ReadAction\",\"target\":[\"https:\\\/\\\/www.wayanatapas.com\\\/sarap-icerken-meyveyi-fark-etmek\\\/\"]}]},{\"@type\":\"ImageObject\",\"inLanguage\":\"en-US\",\"@id\":\"https:\\\/\\\/www.wayanatapas.com\\\/sarap-icerken-meyveyi-fark-etmek\\\/#primaryimage\",\"url\":\"https:\\\/\\\/www.wayanatapas.com\\\/wp-content\\\/uploads\\\/2024\\\/03\\\/Sarapta-Meyve-Gruplarinin-Fark-Edilmesi.jpeg\",\"contentUrl\":\"https:\\\/\\\/www.wayanatapas.com\\\/wp-content\\\/uploads\\\/2024\\\/03\\\/Sarapta-Meyve-Gruplarinin-Fark-Edilmesi.jpeg\",\"width\":1024,\"height\":1024,\"caption\":\"Meyve\"},{\"@type\":\"BreadcrumbList\",\"@id\":\"https:\\\/\\\/www.wayanatapas.com\\\/sarap-icerken-meyveyi-fark-etmek\\\/#breadcrumb\",\"itemListElement\":[{\"@type\":\"ListItem\",\"position\":1,\"name\":\"Anasayfa\",\"item\":\"https:\\\/\\\/www.wayanatapas.com\\\/\"},{\"@type\":\"ListItem\",\"position\":2,\"name\":\"\u015earap \u0130\u00e7erken Meyveyi Fark Etmek \u00a0\"}]},{\"@type\":\"WebSite\",\"@id\":\"https:\\\/\\\/www.wayanatapas.com\\\/#website\",\"url\":\"https:\\\/\\\/www.wayanatapas.com\\\/\",\"name\":\"Wayana Wine Bar\",\"description\":\"Wayana Tapas\",\"publisher\":{\"@id\":\"https:\\\/\\\/www.wayanatapas.com\\\/#organization\"},\"potentialAction\":[{\"@type\":\"SearchAction\",\"target\":{\"@type\":\"EntryPoint\",\"urlTemplate\":\"https:\\\/\\\/www.wayanatapas.com\\\/?s={search_term_string}\"},\"query-input\":{\"@type\":\"PropertyValueSpecification\",\"valueRequired\":true,\"valueName\":\"search_term_string\"}}],\"inLanguage\":\"en-US\"},{\"@type\":\"Organization\",\"@id\":\"https:\\\/\\\/www.wayanatapas.com\\\/#organization\",\"name\":\"Wayana Wine Bar\",\"url\":\"https:\\\/\\\/www.wayanatapas.com\\\/\",\"logo\":{\"@type\":\"ImageObject\",\"inLanguage\":\"en-US\",\"@id\":\"https:\\\/\\\/www.wayanatapas.com\\\/#\\\/schema\\\/logo\\\/image\\\/\",\"url\":\"https:\\\/\\\/www.wayanatapas.com\\\/wp-content\\\/uploads\\\/2023\\\/11\\\/LOGOTYPE-WAYANA-03.png\",\"contentUrl\":\"https:\\\/\\\/www.wayanatapas.com\\\/wp-content\\\/uploads\\\/2023\\\/11\\\/LOGOTYPE-WAYANA-03.png\",\"width\":626,\"height\":209,\"caption\":\"Wayana Wine Bar\"},\"image\":{\"@id\":\"https:\\\/\\\/www.wayanatapas.com\\\/#\\\/schema\\\/logo\\\/image\\\/\"},\"sameAs\":[\"https:\\\/\\\/www.facebook.com\\\/wayanatapas\\\/\",\"https:\\\/\\\/www.instagram.com\\\/wayanatapas\\\/\"]},{\"@type\":\"Person\",\"@id\":\"https:\\\/\\\/www.wayanatapas.com\\\/#\\\/schema\\\/person\\\/851ceffa51197e2af70b71c125f2bd04\",\"name\":\"Cenap Kuzuo\u011flu\",\"image\":{\"@type\":\"ImageObject\",\"inLanguage\":\"en-US\",\"@id\":\"https:\\\/\\\/www.wayanatapas.com\\\/wp-content\\\/litespeed\\\/avatar\\\/509c698570a62b522be70b8c4d2aab53.jpg?ver=1788217750\",\"url\":\"https:\\\/\\\/www.wayanatapas.com\\\/wp-content\\\/litespeed\\\/avatar\\\/509c698570a62b522be70b8c4d2aab53.jpg?ver=1788217750\",\"contentUrl\":\"https:\\\/\\\/www.wayanatapas.com\\\/wp-content\\\/litespeed\\\/avatar\\\/509c698570a62b522be70b8c4d2aab53.jpg?ver=1788217750\",\"caption\":\"Cenap Kuzuo\u011flu\"},\"url\":\"https:\\\/\\\/www.wayanatapas.com\\\/en\\\/author\\\/cenapkuzuoglu\\\/\"}]}<\/script>\n<!-- \/ Yoast SEO plugin. -->","yoast_head_json":{"title":"\u015earap \u0130\u00e7erken Meyveyi Fark Etmek \u00a0 - Wayana Wine Bar","description":"\u015earap tad\u0131m\u0131nda meyve aromalar\u0131n\u0131 fark etmenin kolay yollar\u0131n\u0131 ke\u015ffedin. Meyve gruplama y\u00f6ntemini ve koku haf\u0131zas\u0131n\u0131n biyolojisini inceliyoruz.","robots":{"index":"index","follow":"follow","max-snippet":"max-snippet:-1","max-image-preview":"max-image-preview:large","max-video-preview":"max-video-preview:-1"},"canonical":"https:\/\/www.wayanatapas.com\/en\/sarap-icerken-meyveyi-fark-etmek\/","og_locale":"en_US","og_type":"article","og_title":"\u015earap \u0130\u00e7erken Meyveyi Fark Etmek \u00a0 - Wayana Wine Bar","og_description":"\u015earap tad\u0131m\u0131nda meyve aromalar\u0131n\u0131 fark etmenin kolay yollar\u0131n\u0131 ke\u015ffedin. Meyve gruplama y\u00f6ntemini ve koku haf\u0131zas\u0131n\u0131n biyolojisini inceliyoruz.","og_url":"https:\/\/www.wayanatapas.com\/en\/sarap-icerken-meyveyi-fark-etmek\/","og_site_name":"Wayana Wine Bar","article_publisher":"https:\/\/www.facebook.com\/wayanatapas\/","article_published_time":"2024-03-15T13:41:36+00:00","article_modified_time":"2026-07-15T16:31:49+00:00","og_image":[{"width":1024,"height":1024,"url":"https:\/\/www.wayanatapas.com\/wp-content\/uploads\/2024\/03\/Sarapta-Meyve-Gruplarinin-Fark-Edilmesi.jpeg","type":"image\/jpeg"}],"author":"Cenap Kuzuo\u011flu","twitter_card":"summary_large_image","twitter_misc":{"Written by":"Cenap Kuzuo\u011flu","Est. reading time":"6 minutes"},"schema":{"@context":"https:\/\/schema.org","@graph":[{"@type":"Article","@id":"https:\/\/www.wayanatapas.com\/sarap-icerken-meyveyi-fark-etmek\/#article","isPartOf":{"@id":"https:\/\/www.wayanatapas.com\/sarap-icerken-meyveyi-fark-etmek\/"},"author":{"name":"Cenap Kuzuo\u011flu","@id":"https:\/\/www.wayanatapas.com\/#\/schema\/person\/851ceffa51197e2af70b71c125f2bd04"},"headline":"\u015earap \u0130\u00e7erken Meyveyi Fark Etmek \u00a0","datePublished":"2024-03-15T13:41:36+00:00","dateModified":"2026-07-15T16:31:49+00:00","mainEntityOfPage":{"@id":"https:\/\/www.wayanatapas.com\/sarap-icerken-meyveyi-fark-etmek\/"},"wordCount":1248,"commentCount":0,"publisher":{"@id":"https:\/\/www.wayanatapas.com\/#organization"},"image":{"@id":"https:\/\/www.wayanatapas.com\/sarap-icerken-meyveyi-fark-etmek\/#primaryimage"},"thumbnailUrl":"https:\/\/www.wayanatapas.com\/wp-content\/uploads\/2024\/03\/Sarapta-Meyve-Gruplarinin-Fark-Edilmesi.jpeg","keywords":["beyaz \u015farap meyve","k\u0131rm\u0131z\u0131 meyve aromalar\u0131","\u015farap koku hafizasi","\u015farap tad\u0131m aromalar\u0131","\u015farap tad\u0131m rehberi","\u015farapta meyve kokusu","WAYANA e\u011fitim"],"articleSection":["\u015earap Tad\u0131m\u0131ndaki \u0130ncelikler"],"inLanguage":"en-US","potentialAction":[{"@type":"CommentAction","name":"Comment","target":["https:\/\/www.wayanatapas.com\/sarap-icerken-meyveyi-fark-etmek\/#respond"]}]},{"@type":"WebPage","@id":"https:\/\/www.wayanatapas.com\/sarap-icerken-meyveyi-fark-etmek\/","url":"https:\/\/www.wayanatapas.com\/sarap-icerken-meyveyi-fark-etmek\/","name":"\u015earap \u0130\u00e7erken Meyveyi Fark Etmek \u00a0 - Wayana Wine Bar","isPartOf":{"@id":"https:\/\/www.wayanatapas.com\/#website"},"primaryImageOfPage":{"@id":"https:\/\/www.wayanatapas.com\/sarap-icerken-meyveyi-fark-etmek\/#primaryimage"},"image":{"@id":"https:\/\/www.wayanatapas.com\/sarap-icerken-meyveyi-fark-etmek\/#primaryimage"},"thumbnailUrl":"https:\/\/www.wayanatapas.com\/wp-content\/uploads\/2024\/03\/Sarapta-Meyve-Gruplarinin-Fark-Edilmesi.jpeg","datePublished":"2024-03-15T13:41:36+00:00","dateModified":"2026-07-15T16:31:49+00:00","description":"\u015earap tad\u0131m\u0131nda meyve aromalar\u0131n\u0131 fark etmenin kolay yollar\u0131n\u0131 ke\u015ffedin. Meyve gruplama y\u00f6ntemini ve koku haf\u0131zas\u0131n\u0131n biyolojisini inceliyoruz.","breadcrumb":{"@id":"https:\/\/www.wayanatapas.com\/sarap-icerken-meyveyi-fark-etmek\/#breadcrumb"},"inLanguage":"en-US","potentialAction":[{"@type":"ReadAction","target":["https:\/\/www.wayanatapas.com\/sarap-icerken-meyveyi-fark-etmek\/"]}]},{"@type":"ImageObject","inLanguage":"en-US","@id":"https:\/\/www.wayanatapas.com\/sarap-icerken-meyveyi-fark-etmek\/#primaryimage","url":"https:\/\/www.wayanatapas.com\/wp-content\/uploads\/2024\/03\/Sarapta-Meyve-Gruplarinin-Fark-Edilmesi.jpeg","contentUrl":"https:\/\/www.wayanatapas.com\/wp-content\/uploads\/2024\/03\/Sarapta-Meyve-Gruplarinin-Fark-Edilmesi.jpeg","width":1024,"height":1024,"caption":"Meyve"},{"@type":"BreadcrumbList","@id":"https:\/\/www.wayanatapas.com\/sarap-icerken-meyveyi-fark-etmek\/#breadcrumb","itemListElement":[{"@type":"ListItem","position":1,"name":"Anasayfa","item":"https:\/\/www.wayanatapas.com\/"},{"@type":"ListItem","position":2,"name":"\u015earap \u0130\u00e7erken Meyveyi Fark Etmek \u00a0"}]},{"@type":"WebSite","@id":"https:\/\/www.wayanatapas.com\/#website","url":"https:\/\/www.wayanatapas.com\/","name":"Wayana Wine Bar","description":"Wayana Tapas","publisher":{"@id":"https:\/\/www.wayanatapas.com\/#organization"},"potentialAction":[{"@type":"SearchAction","target":{"@type":"EntryPoint","urlTemplate":"https:\/\/www.wayanatapas.com\/?s={search_term_string}"},"query-input":{"@type":"PropertyValueSpecification","valueRequired":true,"valueName":"search_term_string"}}],"inLanguage":"en-US"},{"@type":"Organization","@id":"https:\/\/www.wayanatapas.com\/#organization","name":"Wayana Wine Bar","url":"https:\/\/www.wayanatapas.com\/","logo":{"@type":"ImageObject","inLanguage":"en-US","@id":"https:\/\/www.wayanatapas.com\/#\/schema\/logo\/image\/","url":"https:\/\/www.wayanatapas.com\/wp-content\/uploads\/2023\/11\/LOGOTYPE-WAYANA-03.png","contentUrl":"https:\/\/www.wayanatapas.com\/wp-content\/uploads\/2023\/11\/LOGOTYPE-WAYANA-03.png","width":626,"height":209,"caption":"Wayana Wine Bar"},"image":{"@id":"https:\/\/www.wayanatapas.com\/#\/schema\/logo\/image\/"},"sameAs":["https:\/\/www.facebook.com\/wayanatapas\/","https:\/\/www.instagram.com\/wayanatapas\/"]},{"@type":"Person","@id":"https:\/\/www.wayanatapas.com\/#\/schema\/person\/851ceffa51197e2af70b71c125f2bd04","name":"Cenap Kuzuo\u011flu","image":{"@type":"ImageObject","inLanguage":"en-US","@id":"https:\/\/www.wayanatapas.com\/wp-content\/litespeed\/avatar\/509c698570a62b522be70b8c4d2aab53.jpg?ver=1788217750","url":"https:\/\/www.wayanatapas.com\/wp-content\/litespeed\/avatar\/509c698570a62b522be70b8c4d2aab53.jpg?ver=1788217750","contentUrl":"https:\/\/www.wayanatapas.com\/wp-content\/litespeed\/avatar\/509c698570a62b522be70b8c4d2aab53.jpg?ver=1788217750","caption":"Cenap Kuzuo\u011flu"},"url":"https:\/\/www.wayanatapas.com\/en\/author\/cenapkuzuoglu\/"}]}},"_links":{"self":[{"href":"https:\/\/www.wayanatapas.com\/en\/wp-json\/wp\/v2\/posts\/990940","targetHints":{"allow":["GET"]}}],"collection":[{"href":"https:\/\/www.wayanatapas.com\/en\/wp-json\/wp\/v2\/posts"}],"about":[{"href":"https:\/\/www.wayanatapas.com\/en\/wp-json\/wp\/v2\/types\/post"}],"author":[{"embeddable":true,"href":"https:\/\/www.wayanatapas.com\/en\/wp-json\/wp\/v2\/users\/2"}],"replies":[{"embeddable":true,"href":"https:\/\/www.wayanatapas.com\/en\/wp-json\/wp\/v2\/comments?post=990940"}],"version-history":[{"count":6,"href":"https:\/\/www.wayanatapas.com\/en\/wp-json\/wp\/v2\/posts\/990940\/revisions"}],"predecessor-version":[{"id":993800,"href":"https:\/\/www.wayanatapas.com\/en\/wp-json\/wp\/v2\/posts\/990940\/revisions\/993800"}],"wp:featuredmedia":[{"embeddable":true,"href":"https:\/\/www.wayanatapas.com\/en\/wp-json\/wp\/v2\/media\/990941"}],"wp:attachment":[{"href":"https:\/\/www.wayanatapas.com\/en\/wp-json\/wp\/v2\/media?parent=990940"}],"wp:term":[{"taxonomy":"category","embeddable":true,"href":"https:\/\/www.wayanatapas.com\/en\/wp-json\/wp\/v2\/categories?post=990940"},{"taxonomy":"post_tag","embeddable":true,"href":"https:\/\/www.wayanatapas.com\/en\/wp-json\/wp\/v2\/tags?post=990940"}],"curies":[{"name":"wp","href":"https:\/\/api.w.org\/{rel}","templated":true}]}}