{"id":991069,"date":"2024-07-05T17:11:46","date_gmt":"2024-07-05T14:11:46","guid":{"rendered":"https:\/\/www.wayanatapas.com\/?p=991069"},"modified":"2026-07-13T21:48:28","modified_gmt":"2026-07-13T18:48:28","slug":"hz-isanin-son-aksam-yemegindeki-sarap-beyaz-mi-kirmizi-miydi","status":"publish","type":"post","link":"https:\/\/www.wayanatapas.com\/en\/hz-isanin-son-aksam-yemegindeki-sarap-beyaz-mi-kirmizi-miydi\/","title":{"rendered":"Hz. \u0130sa&#8217;n\u0131n Son Yeme\u011findeki \u015earap: Beyaz m\u0131 Yoksa K\u0131rm\u0131z\u0131 m\u0131yd\u0131?"},"content":{"rendered":"<div class=\"vgblk-rw-wrapper limit-wrapper\">\r\n<p class=\"wp-block-paragraph\">Tarih boyunca dinsel t\u00f6renler i\u00e7inde \u015farap kendisine yer bulmu\u015f. Son yemek \u015farap a\u00e7\u0131s\u0131ndan \u00f6zel bir \u00f6nem ta\u015f\u0131yor. Hatta ba\u015fka i\u00e7ecekler olsa bile, \u015farap ba\u015fk\u00f6\u015fede kurulmu\u015f. \u015earab\u0131n insanda yaratt\u0131\u011f\u0131 gev\u015feme ve rahatlama duygusu hem sosyal ili\u015fkilerin kurulmas\u0131n\u0131 kolayla\u015ft\u0131rm\u0131\u015f hem de spirit\u00fcel duyarl\u0131\u011fa daha a\u00e7\u0131k hale gelmeyi sa\u011flam\u0131\u015f. Anadolu topraklar\u0131nda hayat bulan medeniyetlerin k\u00fclt\u00fcrel tarihlerine yak\u0131ndan bakt\u0131\u011f\u0131m\u0131z \u201cWAYANA &#8211; Zaman T\u00fcnelinde \u015earap Tad\u0131m\u0131\u201d serileri sayesinde bu alanda olan bitenleri daha iyi anlad\u0131k. Farkl\u0131 uygarl\u0131klar\u0131n izlerini s\u00fcrd\u00fc\u011f\u00fcm\u00fczde, kimilerinin tabletlere kaydettikleri bilgilerden, kimilerinin dinsel ayinlerin i\u015flendi\u011fi friz ve fresklerden, kimilerinin ziyafette yediklerinin laboratuvar analizlerinden elimize ula\u015fanlar \u015farab\u0131n konumunu yerli yerine oturtmam\u0131z\u0131 sa\u011flad\u0131.<\/p>\r\n<p>Dilerseniz \u00f6nce dinler tarihi ve b\u00f6lgenin co\u011frafyas\u0131na y\u00f6nelik k\u0131sa bir derlemeye g\u00f6z atal\u0131m, sonra da elimizdeki bilgilerle masan\u0131n \u00fczerine koyup bir sonuca varmaya gayret edelim.<\/p>\r\n\r\n\r\n\r\n<figure class=\"wp-block-image size-large is-resized\"><img fetchpriority=\"high\" decoding=\"async\" class=\"alignnone wp-image-991078\" style=\"width: 1260px; height: auto;\" src=\"https:\/\/www.wayanatapas.com\/wp-content\/uploads\/2024\/07\/hzisanin-son-aksam-yemegi-2-1024x436.jpeg\" alt=\"\u015earap\" width=\"1024\" height=\"436\" srcset=\"https:\/\/www.wayanatapas.com\/wp-content\/uploads\/2024\/07\/hzisanin-son-aksam-yemegi-2-1024x436.jpeg 1024w, https:\/\/www.wayanatapas.com\/wp-content\/uploads\/2024\/07\/hzisanin-son-aksam-yemegi-2-300x128.jpeg 300w, https:\/\/www.wayanatapas.com\/wp-content\/uploads\/2024\/07\/hzisanin-son-aksam-yemegi-2-768x327.jpeg 768w, https:\/\/www.wayanatapas.com\/wp-content\/uploads\/2024\/07\/hzisanin-son-aksam-yemegi-2-1536x654.jpeg 1536w, https:\/\/www.wayanatapas.com\/wp-content\/uploads\/2024\/07\/hzisanin-son-aksam-yemegi-2-18x8.jpeg 18w, https:\/\/www.wayanatapas.com\/wp-content\/uploads\/2024\/07\/hzisanin-son-aksam-yemegi-2-630x268.jpeg 630w, https:\/\/www.wayanatapas.com\/wp-content\/uploads\/2024\/07\/hzisanin-son-aksam-yemegi-2-1260x536.jpeg 1260w, https:\/\/www.wayanatapas.com\/wp-content\/uploads\/2024\/07\/hzisanin-son-aksam-yemegi-2-315x134.jpeg 315w, https:\/\/www.wayanatapas.com\/wp-content\/uploads\/2024\/07\/hzisanin-son-aksam-yemegi-2.jpeg 1600w\" sizes=\"(max-width: 1024px) 100vw, 1024px\" \/><\/figure>\r\n\r\n\r\n\r\n<h2>Arkeoloji ve Enoloji (\u015earap Bilimi) I\u015f\u0131\u011f\u0131nda Antik Filistin Teruvar\u0131 ve &#8220;Passum&#8221; Stili<\/h2>\r\n<p class=\"wp-block-paragraph\">Son Ak\u015fam Yeme\u011fi\u2019ndeki kadehin s\u0131rr\u0131n\u0131 \u00e7\u00f6zmek, teolojik yorumlar\u0131n \u00f6tesinde, birinci y\u00fczy\u0131l Filistin co\u011frafyas\u0131n\u0131n tar\u0131msal ve enolojik ger\u00e7ekliklerini rasyonel olarak analiz etmeyi gerektirir. Arkeo-enolojik kaz\u0131lar ve antik Akdeniz ticaret kay\u0131tlar\u0131, o d\u00f6nemde Kud\u00fcs ve civar\u0131ndaki da\u011flarda \u00fcretilen \u015faraplar\u0131n bug\u00fcnk\u00fc modern, hafif ve berrak beyaz \u015faraplardan \u00e7ok uzak oldu\u011funu g\u00f6stermektedir. D\u00f6nemin bask\u0131n ve en prestijli \u00fcretim tarz\u0131, \u00fcz\u00fcmlerin hasat edildikten sonra has\u0131r sergiler \u00fczerinde g\u00fcne\u015fte kurutulmas\u0131yla elde edilen &#8220;Passum&#8221; olarak adland\u0131r\u0131lan yo\u011fun, konsantre ve y\u00fcksek alkoll\u00fc tatl\u0131 \u015farap ekol\u00fcd\u00fcr. Suyu buharla\u015fan k\u00f6kl\u00fc yerel k\u0131rm\u0131z\u0131 \u00fcz\u00fcmlerin fermente edilmesiyle \u00fcretilen bu antik \u015faraplar, hem lojistik olarak uzun mesafeli amfora ticaretine dayan\u0131kl\u0131 yap\u0131lar\u0131 hem de d\u00f6nemin damak tad\u0131na uygun o koyu, g\u00f6vdeli karakterleriyle Son Ak\u015fam Yeme\u011fi masas\u0131nda yer bulma ihtimali en y\u00fcksek enolojik \u00e7\u0131kt\u0131lard\u0131r.<\/p>\r\n<h2>Kutsal Kadehin Semiyotik Kar\u015f\u0131l\u0131\u011f\u0131: Kan ve \u015earab\u0131n Rengi<\/h2>\r\n<p>Teolojik semiyotik ve lit\u00fcrjik metinler Son Ak\u015fam Yeme\u011fi seans\u0131ndaki kadehi do\u011frudan bir ahit ve kurban rit\u00fceli ile ili\u015fkilendirir. Hz. \u0130sa\u2019n\u0131n ekme\u011fi g\u00f6vdesiyle, kadehteki \u015farab\u0131 ise do\u011frudan &#8220;kendi kan\u0131&#8221; (Ahd-i Cedid) ile sembolize etti\u011fi o me\u015fhur metafor, s\u0131v\u0131n\u0131n rengine dair en g\u00fc\u00e7l\u00fc k\u00fclt\u00fcrel ve g\u00f6rsel kan\u0131tt\u0131r. Antik Yak\u0131n Do\u011fu d\u00fcnyas\u0131nda \u015farap, rit\u00fcellerde zaten &#8220;asman\u0131n kan\u0131&#8221; olarak adland\u0131r\u0131l\u0131rd\u0131. D\u00f6nemin masalar\u0131nda \u015farab\u0131n suyla seyreltilerek (krater kaplar\u0131nda) i\u00e7ilmesi evrensel bir kural olsa da, rengin o koyu yakut, m\u00fcrd\u00fcm veya kuru incir tonlar\u0131ndaki k\u0131rm\u0131z\u0131 karakteri as\u0131rlar boyunca lit\u00fcrjik bir dogma olarak korunmu\u015ftur. Dolay\u0131s\u0131yla, kimyasal ve arkeolojik veriler o d\u00f6nemde ilkel beyaz \u015faraplar\u0131n varl\u0131\u011f\u0131n\u0131 do\u011frulasa da, hem co\u011frafi bask\u0131nl\u0131k hem de t\u00f6rensel semiyotik o kutsal masadaki kadehten s\u00fcz\u00fclen s\u0131v\u0131n\u0131n koyu, tatl\u0131 ve baharatl\u0131 bir k\u0131rm\u0131z\u0131 \u015farap oldu\u011funu rasyonel olarak ortaya koymaktad\u0131r.<\/p>\r\n<p>Dinler tarihi elbette zamana yay\u0131lan efsaneler ve \u00f6yk\u00fcler tarihi. Ger\u00e7ekle hayalin ve abart\u0131n\u0131n i\u00e7 i\u00e7e ge\u00e7ti\u011fi, inan\u00e7 ve kabulleni\u015fin rasyonalitenin \u00f6n\u00fcne ge\u00e7ti\u011fi bir \u00f6\u011freti ve inan\u0131\u015f sisteminden s\u00f6z ediyoruz elbette. Kitab\u00ee dinler olarak kabul etti\u011fimiz \u00fc\u00e7 dinden en b\u00fcy\u00fck say\u0131da takip\u00e7iye sahip olan H\u0131ristiyanl\u0131k, dinsel rit\u00fceller i\u00e7inde \u015farab\u0131 resm\u00ee olarak konumland\u0131ran tek \u00f6rnek. \u00dcstelik Hristiyan seremonilerinin i\u00e7erisinde simgesel olarak Hz. \u0130sa\u2019n\u0131n bedenini ekmek, kan\u0131n\u0131 \u015farap temsil ediyor.<\/p>\r\n<h2>Bug\u00fcn\u00fcn Din Adamlar\u0131n\u0131n Yorumlar\u0131<\/h2>\r\n\r\n\r\n\r\n<p class=\"wp-block-paragraph\">\u015earap yaz\u0131lar\u0131n\u0131 okudu\u011fum deneyimli Frans\u0131z gazeteci Bernard Pivot\u2019un \u2018\u015earab\u0131n A\u015fk S\u00f6zl\u00fc\u011f\u00fc\u2019 kitab\u0131ndaki ba\u015fl\u0131klardan birisi bu yaz\u0131n\u0131n konusunu \u00e7a\u011fr\u0131\u015ft\u0131rd\u0131. Acaba \u2018Son Yemek\u2019te Hz. \u0130sa havarileriyle vedala\u015f\u0131rken i\u00e7tikleri \u015farap konusunda net bir bilgi var m\u0131yd\u0131? Cevap net bilgi olmad\u0131\u011f\u0131 bi\u00e7imindeydi. Ama bir yanl\u0131\u015fl\u0131k olmamas\u0131 i\u00e7in Moda\u2019daki Katolik Assumption Kilisesi\u2019nin kap\u0131s\u0131n\u0131 \u00e7ald\u0131m. Beni kar\u015f\u0131layan rahible k\u0131sa bir sohbetimiz oldu. Ben ziyaret sebebimi s\u00f6yleyince hemen konuya ili\u015fkin bildiklerini payla\u015ft\u0131.<\/p>\r\n\r\n\r\n\r\n<p class=\"wp-block-paragraph\">Hepimizin bildi\u011fi gibi, H\u0131ristiyan d\u00fcnyas\u0131 farkl\u0131 mezheplerden olu\u015fuyor. Ama anla\u015f\u0131lan co\u011fraf\u00ee men\u015fei, \u015farap kullan\u0131m\u0131 konusunda mezheplerden daha \u00f6ne \u00e7\u0131k\u0131yor. Oryantal d\u00fcnyan\u0131n (Ortado\u011fu gibi d\u00fc\u015f\u00fcnelim) Ortodoks ve S\u00fcryani kiliselerinde kana benzeyen renginden \u00f6t\u00fcr\u00fc k\u0131rm\u0131z\u0131 \u015farap tercih edilirken, bat\u0131 d\u00fcnyas\u0131nda beyaz \u015farab\u0131n \u00f6ne \u00e7\u0131kt\u0131\u011f\u0131n\u0131 s\u00f6yledi ev sahibim. Bunun en kolay a\u00e7\u0131klamas\u0131n\u0131n ise t\u00f6renler esnas\u0131nda k\u0131rm\u0131z\u0131 \u015farab\u0131n kazayla damlamas\u0131 durumunda ortaya \u00e7\u0131kan belirgin leke yerine beyaz \u015farab\u0131n kullan\u0131l\u0131p bu durumun daha az sorun yaratmas\u0131 oldu\u011funu s\u00f6yledi. Kendilerinin Katolik Kilisesi olmalar\u0131na kar\u015f\u0131n k\u0131rm\u0131z\u0131 \u015farab\u0131 tercih ettiklerini de ekledi. Esas sorumuz \u015farap olsa da, yeri gelmi\u015fken bedeni simgeleyen ekme\u011fi de sormadan edemedim. Ekmek i\u00e7in de Bat\u0131 kiliseleri peksimet gibi kuru ekme\u011fi tercih ederken, Do\u011fu kiliselerinin bu ama\u00e7la pi\u015firilen taze ekme\u011fi kulland\u0131\u011f\u0131n\u0131 s\u00f6yledi. Asl\u0131nda Bat\u0131 d\u00fcnyas\u0131n\u0131n daha pragmatik ve saklama ve uygulama sorunu yaratmayan se\u00e7enekleri tercih etti\u011fini anlam\u0131\u015f olduk.<\/p>\r\n<h2>Final Thoughts<\/h2>\r\n\r\n\r\n\r\n<p class=\"wp-block-paragraph\">Has\u0131l\u0131, \u2018Son Yemek\u2019 esnas\u0131ndaki \u015farab\u0131n beyaz m\u0131, k\u0131rm\u0131z\u0131 m\u0131 oldu\u011funu bilemesek de co\u011frafyan\u0131n tercihte belirleyici oldu\u011funu art\u0131k biliyoruz. Bu bilgileri benimle payla\u015fan Assumption Kilisesi g\u00f6revlilerine te\u015fekk\u00fcr\u00fc bir bor\u00e7 bilirim. \u0130\u015fin tad\u0131n\u0131 ka\u00e7\u0131rmamak i\u00e7in \u015farab\u0131n markas\u0131n\u0131 ve nereden ald\u0131klar\u0131n\u0131 sormad\u0131m. Ama akl\u0131mdan ge\u00e7irmedim de de\u011fil.<\/p>\r\n<p data-path-to-node=\"34\">Hz. \u0130sa\u2019n\u0131n o kutsal sofras\u0131ndaki kadehin enolojik s\u0131rlar\u0131, antik Filistin teruvar\u0131 ve \u015farab\u0131n dinler tarihindeki o derin semiyotik yolculu\u011fu ilginizi \u00e7ekiyorsa, blogumuzdaki di\u011fer nitelikli arkeolojik ve k\u00fclt\u00fcrel ara\u015ft\u0131rmalar\u0131m\u0131za da g\u00f6z atabilirsiniz:<\/p>\r\n<ul data-path-to-node=\"35\">\r\n<li>\r\n<p data-path-to-node=\"35,0,0\">Son Ak\u015fam Yeme\u011fi\u2019nden y\u00fczy\u0131llar \u00f6nce, Akdeniz\u2019in bir di\u011fer k\u0131y\u0131s\u0131nda felsefi tart\u0131\u015fmalar\u0131n suyla seyreltilmi\u015f kadehler e\u015fli\u011finde y\u00fcr\u00fct\u00fcld\u00fc\u011f\u00fc o asil rit\u00fcelleri ve krater kaplar\u0131n\u0131n toplumsal kodlar\u0131n\u0131 okumak i\u00e7in <a href=\"https:\/\/www.wayanatapas.com\/en\/antik-yunanda-sarap\/\" target=\"_blank\" rel=\"noopener\"><span style=\"color: #3366ff;\"><b data-path-to-node=\"35,0,0\" data-index-in-node=\"212\">Antik Yunan D\u00fcnyas\u0131nda \u015earap K\u00fclt\u00fcr\u00fc ve Sempozyum Rit\u00fcelleri<\/b><\/span><\/a>\u00a0konuk yazar monografimizi ziyaret edebilirsiniz.<\/p>\r\n<\/li>\r\n<li>\r\n<p data-path-to-node=\"35,1,0\">Antik Yak\u0131n Do\u011fu ve Akdeniz d\u00fcnyas\u0131nda k\u00f6lelerin ba\u011flarda verdi\u011fi o muazzam eme\u011fi; salk\u0131mlar\u0131n \u00e7\u0131plak ayakla ezildi\u011fi ta\u015f preslerin g\u0131c\u0131rt\u0131lar\u0131n\u0131 ve mahzenlerin o kokulu, g\u00fcr\u00fclt\u00fcl\u00fc end\u00fcstriyel d\u00fcnyas\u0131n\u0131 sahaya indiren o ya\u015fayan \u00e7al\u0131\u015fmay\u0131 incelemek i\u00e7in <a href=\"https:\/\/www.wayanatapas.com\/en\/antik-donemde-sarap-uretimi-mevsimsel-kokulu-ve-gurultulu-bir-surec\/\" target=\"_blank\" rel=\"noopener\"><span style=\"color: #3366ff;\"><b data-path-to-node=\"35,1,0\" data-index-in-node=\"253\">Antik D\u00f6nemde \u015earap \u00dcretimi: Mevsimsel, Kokulu ve G\u00fcr\u00fclt\u00fcl\u00fc Bir S\u00fcre\u00e7<\/b><\/span><\/a>\u00a0makale incelememizi inceleyebilirsiniz.<\/p>\r\n<\/li>\r\n<li>\r\n<p data-path-to-node=\"35,2,0\">Ge\u00e7mi\u015fin o zengin tar\u0131msal ve lit\u00fcrjik miras\u0131n\u0131, antik d\u00f6nemlerden bu yana \u015farap fermente etmekte kullan\u0131lan killi g\u00f6zeneklerin modern \u00f6nolojideki o muazzam avangart geri d\u00f6n\u00fc\u015f hikayesini ke\u015ffetmek i\u00e7in <a href=\"https:\/\/www.wayanatapas.com\/en\/modern-sarap-uretiminde-amfora\/\" target=\"_blank\" rel=\"noopener\"><span style=\"color: #3366ff;\"><b data-path-to-node=\"35,2,0\" data-index-in-node=\"203\">Modern \u015earap \u00dcretiminde Amforalar\u0131n Yeri ve Enoloji Etkisi<\/b><\/span><\/a>\u00a0teknik analizimize g\u00f6z atabilirsiniz.<\/p>\r\n<\/li>\r\n<li>\r\n<p data-path-to-node=\"35,3,0\">\u015earab\u0131n Orta Asya bozk\u0131rlar\u0131ndan, G\u00f6kt\u00fcrk ve Uygur yaz\u0131tlar\u0131n\u0131n sat\u0131r aralar\u0131ndan s\u00fcz\u00fcl\u00fcp gelen o en eski etimolojik ve k\u00fclt\u00fcrel T\u00fcrk k\u00f6kenlerini; &#8220;tatl\u0131l\u0131k&#8221; k\u00f6k\u00fcnden fermente s\u0131v\u0131ya uzanan o dilsel haf\u0131zay\u0131 g\u00f6rmek i\u00e7in <a href=\"https:\/\/www.wayanatapas.com\/en\/sucig-islamiyet-oncesi-turklerde-sarap-sozcugu\/\" target=\"_blank\" rel=\"noopener\"><span style=\"color: #3366ff;\"><b data-path-to-node=\"35,3,0\" data-index-in-node=\"220\">S\u00fc\u00e7ig: \u0130slamiyet \u00d6ncesi T\u00fcrklerde \u015earap S\u00f6zc\u00fc\u011f\u00fc<\/b><\/span><\/a>\u00a0tarih monograf\u0131m\u0131za bakabilirsiniz.<\/p>\r\n<\/li>\r\n<\/ul>\r\n<\/div><!-- .vgblk-rw-wrapper -->","protected":false},"excerpt":{"rendered":"<p>Dinler tarihinin ve sanat d\u00fcnyas\u0131n\u0131n en \u00e7ok tart\u0131\u015f\u0131lan, en gizemli gastronomik bilmecesini arkeo-enoloji laboratuvarlar\u0131n\u0131n rasyonel verileriyle \u00e7\u00f6z\u00fcyoruz: Hz. \u0130sa\u2019n\u0131n Son Ak\u015fam Yeme\u011fi\u2019ndeki \u015farap beyaz m\u0131 yoksa k\u0131rm\u0131z\u0131 m\u0131yd\u0131? Birinci y\u00fczy\u0131l Filistin co\u011frafyas\u0131n\u0131n mikro-teruvar \u00f6zelliklerini, kuru \u00fcz\u00fcmlerden \u00fcretilen o y\u00fcksek alkoll\u00fc, yo\u011fun antik &#8220;Passum&#8221; \u015farap ekol\u00fcn\u00fc ve &#8220;asman\u0131n kan\u0131&#8221; mitine dayanan teolojik semiyoti\u011fin kadehteki o renk kodlar\u0131n\u0131 WAYANA\u2019n\u0131n tarihsel ve bilimsel perspektifiyle mercek alt\u0131na al\u0131yoruz.<\/p>","protected":false},"author":2,"featured_media":991079,"comment_status":"open","ping_status":"open","sticky":false,"template":"","format":"standard","meta":{"_joinchat":[],"footnotes":""},"categories":[272],"tags":[1263,1190,1297,1299,1298,1296,949],"class_list":["post-991069","post","type-post","status-publish","format-standard","has-post-thumbnail","hentry","category-sarap-tarihi","tag-antik-bagcilik-tarihi","tag-arkeo-enoloji","tag-hz-isa-sarap","tag-kutsal-kadeh","tag-passum-sarabi","tag-son-aksam-yemegi-sarabi","tag-wayana-tarih"],"yoast_head":"<!-- This site is optimized with the Yoast SEO plugin v27.7 - https:\/\/yoast.com\/product\/yoast-seo-wordpress\/ -->\n<title>Hz. \u0130sa&#039;n\u0131n Son Yeme\u011findeki \u015earap: Beyaz m\u0131 Yoksa K\u0131rm\u0131z\u0131 m\u0131yd\u0131? - Wayana Wine Bar<\/title>\n<meta name=\"description\" content=\"\u015earap rengi Hz. \u0130sa&#039;n\u0131n son ak\u015fam yeme\u011finde beyaz m\u0131yd\u0131 yoksa k\u0131rm\u0131z\u0131 m\u0131? Antik Akdeniz ba\u011fc\u0131l\u0131\u011f\u0131n\u0131 ve kutsal kadehin enolojik s\u0131rlar\u0131n\u0131 ke\u015ffedin.\" \/>\n<meta name=\"robots\" content=\"index, follow, max-snippet:-1, max-image-preview:large, max-video-preview:-1\" \/>\n<link rel=\"canonical\" href=\"https:\/\/www.wayanatapas.com\/en\/hz-isanin-son-aksam-yemegindeki-sarap-beyaz-mi-kirmizi-miydi\/\" \/>\n<meta property=\"og:locale\" content=\"en_US\" \/>\n<meta property=\"og:type\" content=\"article\" \/>\n<meta property=\"og:title\" content=\"Hz. \u0130sa&#039;n\u0131n Son Yeme\u011findeki \u015earap: Beyaz m\u0131 Yoksa K\u0131rm\u0131z\u0131 m\u0131yd\u0131? - Wayana Wine Bar\" \/>\n<meta property=\"og:description\" content=\"\u015earap rengi Hz. \u0130sa&#039;n\u0131n son ak\u015fam yeme\u011finde beyaz m\u0131yd\u0131 yoksa k\u0131rm\u0131z\u0131 m\u0131? Antik Akdeniz ba\u011fc\u0131l\u0131\u011f\u0131n\u0131 ve kutsal kadehin enolojik s\u0131rlar\u0131n\u0131 ke\u015ffedin.\" \/>\n<meta property=\"og:url\" content=\"https:\/\/www.wayanatapas.com\/en\/hz-isanin-son-aksam-yemegindeki-sarap-beyaz-mi-kirmizi-miydi\/\" \/>\n<meta property=\"og:site_name\" content=\"Wayana Wine Bar\" \/>\n<meta property=\"article:publisher\" content=\"https:\/\/www.facebook.com\/wayanatapas\/\" \/>\n<meta property=\"article:published_time\" content=\"2024-07-05T14:11:46+00:00\" \/>\n<meta property=\"article:modified_time\" content=\"2026-07-13T18:48:28+00:00\" \/>\n<meta property=\"og:image\" content=\"https:\/\/www.wayanatapas.com\/wp-content\/uploads\/2024\/07\/hzisanin-son-aksam-yemegi-1-e1720197218811.jpeg\" \/>\n\t<meta property=\"og:image:width\" content=\"660\" \/>\n\t<meta property=\"og:image:height\" content=\"565\" \/>\n\t<meta property=\"og:image:type\" content=\"image\/jpeg\" \/>\n<meta name=\"author\" content=\"Cenap Kuzuo\u011flu\" \/>\n<meta name=\"twitter:card\" content=\"summary_large_image\" \/>\n<meta name=\"twitter:label1\" content=\"Written by\" \/>\n\t<meta name=\"twitter:data1\" content=\"Cenap Kuzuo\u011flu\" \/>\n\t<meta name=\"twitter:label2\" content=\"Est. reading time\" \/>\n\t<meta name=\"twitter:data2\" content=\"6 minutes\" \/>\n<script type=\"application\/ld+json\" class=\"yoast-schema-graph\">{\"@context\":\"https:\\\/\\\/schema.org\",\"@graph\":[{\"@type\":\"Article\",\"@id\":\"https:\\\/\\\/www.wayanatapas.com\\\/hz-isanin-son-aksam-yemegindeki-sarap-beyaz-mi-kirmizi-miydi\\\/#article\",\"isPartOf\":{\"@id\":\"https:\\\/\\\/www.wayanatapas.com\\\/hz-isanin-son-aksam-yemegindeki-sarap-beyaz-mi-kirmizi-miydi\\\/\"},\"author\":{\"name\":\"Cenap Kuzuo\u011flu\",\"@id\":\"https:\\\/\\\/www.wayanatapas.com\\\/#\\\/schema\\\/person\\\/851ceffa51197e2af70b71c125f2bd04\"},\"headline\":\"Hz. \u0130sa&#8217;n\u0131n Son Yeme\u011findeki \u015earap: Beyaz m\u0131 Yoksa K\u0131rm\u0131z\u0131 m\u0131yd\u0131?\",\"datePublished\":\"2024-07-05T14:11:46+00:00\",\"dateModified\":\"2026-07-13T18:48:28+00:00\",\"mainEntityOfPage\":{\"@id\":\"https:\\\/\\\/www.wayanatapas.com\\\/hz-isanin-son-aksam-yemegindeki-sarap-beyaz-mi-kirmizi-miydi\\\/\"},\"wordCount\":1335,\"commentCount\":0,\"publisher\":{\"@id\":\"https:\\\/\\\/www.wayanatapas.com\\\/#organization\"},\"image\":{\"@id\":\"https:\\\/\\\/www.wayanatapas.com\\\/hz-isanin-son-aksam-yemegindeki-sarap-beyaz-mi-kirmizi-miydi\\\/#primaryimage\"},\"thumbnailUrl\":\"https:\\\/\\\/www.wayanatapas.com\\\/wp-content\\\/uploads\\\/2024\\\/07\\\/hzisanin-son-aksam-yemegi-1-e1720197218811.jpeg\",\"keywords\":[\"antik ba\u011fc\u0131l\u0131k tarihi\",\"arkeo enoloji\",\"Hz \u0130sa \u015farap\",\"kutsal kadeh\",\"Passum \u015farab\u0131\",\"son ak\u015fam yeme\u011fi \u015farab\u0131\",\"WAYANA tarih\"],\"articleSection\":[\"\u015earap Tarihi\"],\"inLanguage\":\"en-US\",\"potentialAction\":[{\"@type\":\"CommentAction\",\"name\":\"Comment\",\"target\":[\"https:\\\/\\\/www.wayanatapas.com\\\/hz-isanin-son-aksam-yemegindeki-sarap-beyaz-mi-kirmizi-miydi\\\/#respond\"]}]},{\"@type\":\"WebPage\",\"@id\":\"https:\\\/\\\/www.wayanatapas.com\\\/hz-isanin-son-aksam-yemegindeki-sarap-beyaz-mi-kirmizi-miydi\\\/\",\"url\":\"https:\\\/\\\/www.wayanatapas.com\\\/hz-isanin-son-aksam-yemegindeki-sarap-beyaz-mi-kirmizi-miydi\\\/\",\"name\":\"Hz. \u0130sa'n\u0131n Son Yeme\u011findeki \u015earap: Beyaz m\u0131 Yoksa K\u0131rm\u0131z\u0131 m\u0131yd\u0131? - Wayana Wine Bar\",\"isPartOf\":{\"@id\":\"https:\\\/\\\/www.wayanatapas.com\\\/#website\"},\"primaryImageOfPage\":{\"@id\":\"https:\\\/\\\/www.wayanatapas.com\\\/hz-isanin-son-aksam-yemegindeki-sarap-beyaz-mi-kirmizi-miydi\\\/#primaryimage\"},\"image\":{\"@id\":\"https:\\\/\\\/www.wayanatapas.com\\\/hz-isanin-son-aksam-yemegindeki-sarap-beyaz-mi-kirmizi-miydi\\\/#primaryimage\"},\"thumbnailUrl\":\"https:\\\/\\\/www.wayanatapas.com\\\/wp-content\\\/uploads\\\/2024\\\/07\\\/hzisanin-son-aksam-yemegi-1-e1720197218811.jpeg\",\"datePublished\":\"2024-07-05T14:11:46+00:00\",\"dateModified\":\"2026-07-13T18:48:28+00:00\",\"description\":\"\u015earap rengi Hz. \u0130sa'n\u0131n son ak\u015fam yeme\u011finde beyaz m\u0131yd\u0131 yoksa k\u0131rm\u0131z\u0131 m\u0131? Antik Akdeniz ba\u011fc\u0131l\u0131\u011f\u0131n\u0131 ve kutsal kadehin enolojik s\u0131rlar\u0131n\u0131 ke\u015ffedin.\",\"breadcrumb\":{\"@id\":\"https:\\\/\\\/www.wayanatapas.com\\\/hz-isanin-son-aksam-yemegindeki-sarap-beyaz-mi-kirmizi-miydi\\\/#breadcrumb\"},\"inLanguage\":\"en-US\",\"potentialAction\":[{\"@type\":\"ReadAction\",\"target\":[\"https:\\\/\\\/www.wayanatapas.com\\\/hz-isanin-son-aksam-yemegindeki-sarap-beyaz-mi-kirmizi-miydi\\\/\"]}]},{\"@type\":\"ImageObject\",\"inLanguage\":\"en-US\",\"@id\":\"https:\\\/\\\/www.wayanatapas.com\\\/hz-isanin-son-aksam-yemegindeki-sarap-beyaz-mi-kirmizi-miydi\\\/#primaryimage\",\"url\":\"https:\\\/\\\/www.wayanatapas.com\\\/wp-content\\\/uploads\\\/2024\\\/07\\\/hzisanin-son-aksam-yemegi-1-e1720197218811.jpeg\",\"contentUrl\":\"https:\\\/\\\/www.wayanatapas.com\\\/wp-content\\\/uploads\\\/2024\\\/07\\\/hzisanin-son-aksam-yemegi-1-e1720197218811.jpeg\",\"width\":660,\"height\":565,\"caption\":\"\u015earap\"},{\"@type\":\"BreadcrumbList\",\"@id\":\"https:\\\/\\\/www.wayanatapas.com\\\/hz-isanin-son-aksam-yemegindeki-sarap-beyaz-mi-kirmizi-miydi\\\/#breadcrumb\",\"itemListElement\":[{\"@type\":\"ListItem\",\"position\":1,\"name\":\"Anasayfa\",\"item\":\"https:\\\/\\\/www.wayanatapas.com\\\/\"},{\"@type\":\"ListItem\",\"position\":2,\"name\":\"Hz. \u0130sa&#8217;n\u0131n Son Yeme\u011findeki \u015earap: Beyaz m\u0131 Yoksa K\u0131rm\u0131z\u0131 m\u0131yd\u0131?\"}]},{\"@type\":\"WebSite\",\"@id\":\"https:\\\/\\\/www.wayanatapas.com\\\/#website\",\"url\":\"https:\\\/\\\/www.wayanatapas.com\\\/\",\"name\":\"Wayana Wine Bar\",\"description\":\"Wayana Tapas\",\"publisher\":{\"@id\":\"https:\\\/\\\/www.wayanatapas.com\\\/#organization\"},\"potentialAction\":[{\"@type\":\"SearchAction\",\"target\":{\"@type\":\"EntryPoint\",\"urlTemplate\":\"https:\\\/\\\/www.wayanatapas.com\\\/?s={search_term_string}\"},\"query-input\":{\"@type\":\"PropertyValueSpecification\",\"valueRequired\":true,\"valueName\":\"search_term_string\"}}],\"inLanguage\":\"en-US\"},{\"@type\":\"Organization\",\"@id\":\"https:\\\/\\\/www.wayanatapas.com\\\/#organization\",\"name\":\"Wayana Wine Bar\",\"url\":\"https:\\\/\\\/www.wayanatapas.com\\\/\",\"logo\":{\"@type\":\"ImageObject\",\"inLanguage\":\"en-US\",\"@id\":\"https:\\\/\\\/www.wayanatapas.com\\\/#\\\/schema\\\/logo\\\/image\\\/\",\"url\":\"https:\\\/\\\/www.wayanatapas.com\\\/wp-content\\\/uploads\\\/2023\\\/11\\\/LOGOTYPE-WAYANA-03.png\",\"contentUrl\":\"https:\\\/\\\/www.wayanatapas.com\\\/wp-content\\\/uploads\\\/2023\\\/11\\\/LOGOTYPE-WAYANA-03.png\",\"width\":626,\"height\":209,\"caption\":\"Wayana Wine Bar\"},\"image\":{\"@id\":\"https:\\\/\\\/www.wayanatapas.com\\\/#\\\/schema\\\/logo\\\/image\\\/\"},\"sameAs\":[\"https:\\\/\\\/www.facebook.com\\\/wayanatapas\\\/\",\"https:\\\/\\\/www.instagram.com\\\/wayanatapas\\\/\"]},{\"@type\":\"Person\",\"@id\":\"https:\\\/\\\/www.wayanatapas.com\\\/#\\\/schema\\\/person\\\/851ceffa51197e2af70b71c125f2bd04\",\"name\":\"Cenap Kuzuo\u011flu\",\"image\":{\"@type\":\"ImageObject\",\"inLanguage\":\"en-US\",\"@id\":\"https:\\\/\\\/www.wayanatapas.com\\\/wp-content\\\/litespeed\\\/avatar\\\/509c698570a62b522be70b8c4d2aab53.jpg?ver=1788217750\",\"url\":\"https:\\\/\\\/www.wayanatapas.com\\\/wp-content\\\/litespeed\\\/avatar\\\/509c698570a62b522be70b8c4d2aab53.jpg?ver=1788217750\",\"contentUrl\":\"https:\\\/\\\/www.wayanatapas.com\\\/wp-content\\\/litespeed\\\/avatar\\\/509c698570a62b522be70b8c4d2aab53.jpg?ver=1788217750\",\"caption\":\"Cenap Kuzuo\u011flu\"},\"url\":\"https:\\\/\\\/www.wayanatapas.com\\\/en\\\/author\\\/cenapkuzuoglu\\\/\"}]}<\/script>\n<!-- \/ Yoast SEO plugin. -->","yoast_head_json":{"title":"Hz. \u0130sa'n\u0131n Son Yeme\u011findeki \u015earap: Beyaz m\u0131 Yoksa K\u0131rm\u0131z\u0131 m\u0131yd\u0131? - Wayana Wine Bar","description":"\u015earap rengi Hz. \u0130sa'n\u0131n son ak\u015fam yeme\u011finde beyaz m\u0131yd\u0131 yoksa k\u0131rm\u0131z\u0131 m\u0131? Antik Akdeniz ba\u011fc\u0131l\u0131\u011f\u0131n\u0131 ve kutsal kadehin enolojik s\u0131rlar\u0131n\u0131 ke\u015ffedin.","robots":{"index":"index","follow":"follow","max-snippet":"max-snippet:-1","max-image-preview":"max-image-preview:large","max-video-preview":"max-video-preview:-1"},"canonical":"https:\/\/www.wayanatapas.com\/en\/hz-isanin-son-aksam-yemegindeki-sarap-beyaz-mi-kirmizi-miydi\/","og_locale":"en_US","og_type":"article","og_title":"Hz. \u0130sa'n\u0131n Son Yeme\u011findeki \u015earap: Beyaz m\u0131 Yoksa K\u0131rm\u0131z\u0131 m\u0131yd\u0131? - Wayana Wine Bar","og_description":"\u015earap rengi Hz. \u0130sa'n\u0131n son ak\u015fam yeme\u011finde beyaz m\u0131yd\u0131 yoksa k\u0131rm\u0131z\u0131 m\u0131? Antik Akdeniz ba\u011fc\u0131l\u0131\u011f\u0131n\u0131 ve kutsal kadehin enolojik s\u0131rlar\u0131n\u0131 ke\u015ffedin.","og_url":"https:\/\/www.wayanatapas.com\/en\/hz-isanin-son-aksam-yemegindeki-sarap-beyaz-mi-kirmizi-miydi\/","og_site_name":"Wayana Wine Bar","article_publisher":"https:\/\/www.facebook.com\/wayanatapas\/","article_published_time":"2024-07-05T14:11:46+00:00","article_modified_time":"2026-07-13T18:48:28+00:00","og_image":[{"width":660,"height":565,"url":"https:\/\/www.wayanatapas.com\/wp-content\/uploads\/2024\/07\/hzisanin-son-aksam-yemegi-1-e1720197218811.jpeg","type":"image\/jpeg"}],"author":"Cenap Kuzuo\u011flu","twitter_card":"summary_large_image","twitter_misc":{"Written by":"Cenap Kuzuo\u011flu","Est. reading time":"6 minutes"},"schema":{"@context":"https:\/\/schema.org","@graph":[{"@type":"Article","@id":"https:\/\/www.wayanatapas.com\/hz-isanin-son-aksam-yemegindeki-sarap-beyaz-mi-kirmizi-miydi\/#article","isPartOf":{"@id":"https:\/\/www.wayanatapas.com\/hz-isanin-son-aksam-yemegindeki-sarap-beyaz-mi-kirmizi-miydi\/"},"author":{"name":"Cenap Kuzuo\u011flu","@id":"https:\/\/www.wayanatapas.com\/#\/schema\/person\/851ceffa51197e2af70b71c125f2bd04"},"headline":"Hz. \u0130sa&#8217;n\u0131n Son Yeme\u011findeki \u015earap: Beyaz m\u0131 Yoksa K\u0131rm\u0131z\u0131 m\u0131yd\u0131?","datePublished":"2024-07-05T14:11:46+00:00","dateModified":"2026-07-13T18:48:28+00:00","mainEntityOfPage":{"@id":"https:\/\/www.wayanatapas.com\/hz-isanin-son-aksam-yemegindeki-sarap-beyaz-mi-kirmizi-miydi\/"},"wordCount":1335,"commentCount":0,"publisher":{"@id":"https:\/\/www.wayanatapas.com\/#organization"},"image":{"@id":"https:\/\/www.wayanatapas.com\/hz-isanin-son-aksam-yemegindeki-sarap-beyaz-mi-kirmizi-miydi\/#primaryimage"},"thumbnailUrl":"https:\/\/www.wayanatapas.com\/wp-content\/uploads\/2024\/07\/hzisanin-son-aksam-yemegi-1-e1720197218811.jpeg","keywords":["antik ba\u011fc\u0131l\u0131k tarihi","arkeo enoloji","Hz \u0130sa \u015farap","kutsal kadeh","Passum \u015farab\u0131","son ak\u015fam yeme\u011fi \u015farab\u0131","WAYANA tarih"],"articleSection":["\u015earap Tarihi"],"inLanguage":"en-US","potentialAction":[{"@type":"CommentAction","name":"Comment","target":["https:\/\/www.wayanatapas.com\/hz-isanin-son-aksam-yemegindeki-sarap-beyaz-mi-kirmizi-miydi\/#respond"]}]},{"@type":"WebPage","@id":"https:\/\/www.wayanatapas.com\/hz-isanin-son-aksam-yemegindeki-sarap-beyaz-mi-kirmizi-miydi\/","url":"https:\/\/www.wayanatapas.com\/hz-isanin-son-aksam-yemegindeki-sarap-beyaz-mi-kirmizi-miydi\/","name":"Hz. \u0130sa'n\u0131n Son Yeme\u011findeki \u015earap: Beyaz m\u0131 Yoksa K\u0131rm\u0131z\u0131 m\u0131yd\u0131? - Wayana Wine Bar","isPartOf":{"@id":"https:\/\/www.wayanatapas.com\/#website"},"primaryImageOfPage":{"@id":"https:\/\/www.wayanatapas.com\/hz-isanin-son-aksam-yemegindeki-sarap-beyaz-mi-kirmizi-miydi\/#primaryimage"},"image":{"@id":"https:\/\/www.wayanatapas.com\/hz-isanin-son-aksam-yemegindeki-sarap-beyaz-mi-kirmizi-miydi\/#primaryimage"},"thumbnailUrl":"https:\/\/www.wayanatapas.com\/wp-content\/uploads\/2024\/07\/hzisanin-son-aksam-yemegi-1-e1720197218811.jpeg","datePublished":"2024-07-05T14:11:46+00:00","dateModified":"2026-07-13T18:48:28+00:00","description":"\u015earap rengi Hz. \u0130sa'n\u0131n son ak\u015fam yeme\u011finde beyaz m\u0131yd\u0131 yoksa k\u0131rm\u0131z\u0131 m\u0131? Antik Akdeniz ba\u011fc\u0131l\u0131\u011f\u0131n\u0131 ve kutsal kadehin enolojik s\u0131rlar\u0131n\u0131 ke\u015ffedin.","breadcrumb":{"@id":"https:\/\/www.wayanatapas.com\/hz-isanin-son-aksam-yemegindeki-sarap-beyaz-mi-kirmizi-miydi\/#breadcrumb"},"inLanguage":"en-US","potentialAction":[{"@type":"ReadAction","target":["https:\/\/www.wayanatapas.com\/hz-isanin-son-aksam-yemegindeki-sarap-beyaz-mi-kirmizi-miydi\/"]}]},{"@type":"ImageObject","inLanguage":"en-US","@id":"https:\/\/www.wayanatapas.com\/hz-isanin-son-aksam-yemegindeki-sarap-beyaz-mi-kirmizi-miydi\/#primaryimage","url":"https:\/\/www.wayanatapas.com\/wp-content\/uploads\/2024\/07\/hzisanin-son-aksam-yemegi-1-e1720197218811.jpeg","contentUrl":"https:\/\/www.wayanatapas.com\/wp-content\/uploads\/2024\/07\/hzisanin-son-aksam-yemegi-1-e1720197218811.jpeg","width":660,"height":565,"caption":"\u015earap"},{"@type":"BreadcrumbList","@id":"https:\/\/www.wayanatapas.com\/hz-isanin-son-aksam-yemegindeki-sarap-beyaz-mi-kirmizi-miydi\/#breadcrumb","itemListElement":[{"@type":"ListItem","position":1,"name":"Anasayfa","item":"https:\/\/www.wayanatapas.com\/"},{"@type":"ListItem","position":2,"name":"Hz. \u0130sa&#8217;n\u0131n Son Yeme\u011findeki \u015earap: Beyaz m\u0131 Yoksa K\u0131rm\u0131z\u0131 m\u0131yd\u0131?"}]},{"@type":"WebSite","@id":"https:\/\/www.wayanatapas.com\/#website","url":"https:\/\/www.wayanatapas.com\/","name":"Wayana Wine Bar","description":"Wayana Tapas","publisher":{"@id":"https:\/\/www.wayanatapas.com\/#organization"},"potentialAction":[{"@type":"SearchAction","target":{"@type":"EntryPoint","urlTemplate":"https:\/\/www.wayanatapas.com\/?s={search_term_string}"},"query-input":{"@type":"PropertyValueSpecification","valueRequired":true,"valueName":"search_term_string"}}],"inLanguage":"en-US"},{"@type":"Organization","@id":"https:\/\/www.wayanatapas.com\/#organization","name":"Wayana Wine Bar","url":"https:\/\/www.wayanatapas.com\/","logo":{"@type":"ImageObject","inLanguage":"en-US","@id":"https:\/\/www.wayanatapas.com\/#\/schema\/logo\/image\/","url":"https:\/\/www.wayanatapas.com\/wp-content\/uploads\/2023\/11\/LOGOTYPE-WAYANA-03.png","contentUrl":"https:\/\/www.wayanatapas.com\/wp-content\/uploads\/2023\/11\/LOGOTYPE-WAYANA-03.png","width":626,"height":209,"caption":"Wayana Wine Bar"},"image":{"@id":"https:\/\/www.wayanatapas.com\/#\/schema\/logo\/image\/"},"sameAs":["https:\/\/www.facebook.com\/wayanatapas\/","https:\/\/www.instagram.com\/wayanatapas\/"]},{"@type":"Person","@id":"https:\/\/www.wayanatapas.com\/#\/schema\/person\/851ceffa51197e2af70b71c125f2bd04","name":"Cenap Kuzuo\u011flu","image":{"@type":"ImageObject","inLanguage":"en-US","@id":"https:\/\/www.wayanatapas.com\/wp-content\/litespeed\/avatar\/509c698570a62b522be70b8c4d2aab53.jpg?ver=1788217750","url":"https:\/\/www.wayanatapas.com\/wp-content\/litespeed\/avatar\/509c698570a62b522be70b8c4d2aab53.jpg?ver=1788217750","contentUrl":"https:\/\/www.wayanatapas.com\/wp-content\/litespeed\/avatar\/509c698570a62b522be70b8c4d2aab53.jpg?ver=1788217750","caption":"Cenap Kuzuo\u011flu"},"url":"https:\/\/www.wayanatapas.com\/en\/author\/cenapkuzuoglu\/"}]}},"_links":{"self":[{"href":"https:\/\/www.wayanatapas.com\/en\/wp-json\/wp\/v2\/posts\/991069","targetHints":{"allow":["GET"]}}],"collection":[{"href":"https:\/\/www.wayanatapas.com\/en\/wp-json\/wp\/v2\/posts"}],"about":[{"href":"https:\/\/www.wayanatapas.com\/en\/wp-json\/wp\/v2\/types\/post"}],"author":[{"embeddable":true,"href":"https:\/\/www.wayanatapas.com\/en\/wp-json\/wp\/v2\/users\/2"}],"replies":[{"embeddable":true,"href":"https:\/\/www.wayanatapas.com\/en\/wp-json\/wp\/v2\/comments?post=991069"}],"version-history":[{"count":4,"href":"https:\/\/www.wayanatapas.com\/en\/wp-json\/wp\/v2\/posts\/991069\/revisions"}],"predecessor-version":[{"id":993671,"href":"https:\/\/www.wayanatapas.com\/en\/wp-json\/wp\/v2\/posts\/991069\/revisions\/993671"}],"wp:featuredmedia":[{"embeddable":true,"href":"https:\/\/www.wayanatapas.com\/en\/wp-json\/wp\/v2\/media\/991079"}],"wp:attachment":[{"href":"https:\/\/www.wayanatapas.com\/en\/wp-json\/wp\/v2\/media?parent=991069"}],"wp:term":[{"taxonomy":"category","embeddable":true,"href":"https:\/\/www.wayanatapas.com\/en\/wp-json\/wp\/v2\/categories?post=991069"},{"taxonomy":"post_tag","embeddable":true,"href":"https:\/\/www.wayanatapas.com\/en\/wp-json\/wp\/v2\/tags?post=991069"}],"curies":[{"name":"wp","href":"https:\/\/api.w.org\/{rel}","templated":true}]}}