{"id":991095,"date":"2024-07-05T21:47:35","date_gmt":"2024-07-05T18:47:35","guid":{"rendered":"https:\/\/www.wayanatapas.com\/?p=991095"},"modified":"2026-07-27T14:42:46","modified_gmt":"2026-07-27T11:42:46","slug":"canavar-saraplari-genc-ve-bagimsiz-bir-girisim-hikayesi","status":"publish","type":"post","link":"https:\/\/www.wayanatapas.com\/en\/canavar-saraplari-genc-ve-bagimsiz-bir-girisim-hikayesi\/","title":{"rendered":"CANAVAR = MONSTER"},"content":{"rendered":"<div class=\"vgblk-rw-wrapper limit-wrapper\">\r\n<h2><em>CANAVAR = MONSTER\u00a0<\/em><\/h2>\r\n\r\n\r\n\r\n<p class=\"wp-block-paragraph translation-block\">Persian: C\u0101n\u0101ver\nnoun A wild creature that lives in fairy tales and legends.\nIt is derived from \u2018CANI VAR\u2019, which is formed by combining \u2018can\u2019 (life) and the suffix \u2018aver\u2019, becomes \u2018It has a life\u2019 which is also \u2018alive\u2019.<\/p>\r\n<p>Anadolu&#8217;nun kadim ba\u011f s\u0131ralar\u0131nda yeni nesil ve ba\u011f\u0131ms\u0131z bir \u00fcretici r\u00fczg\u00e2r\u0131 eserken, zanaatk\u00e2r \u015farap\u00e7\u0131l\u0131\u011f\u0131n en d\u00fcr\u00fcst ve cesur \u00f6rnekleriyle tan\u0131\u015f\u0131yoruz. Bu yaz\u0131n\u0131n devam\u0131nda Duygu-Can \u00e7iftinin hepimizi heyecanland\u0131ran y\u00fcrekli giri\u015fimlerini kendi kalemlerinden anlatan yaz\u0131s\u0131n\u0131 bulacaks\u0131n\u0131z. Ama onun \u00f6ncesinde hem teruarlar\u0131n\u0131 hem de onlar\u0131n verdikleri m\u00fccadeleyi g\u00f6n\u00fclden destekleyen bizlerin g\u00f6r\u00fc\u015flerini payla\u015ft\u0131\u011f\u0131m\u0131z k\u0131sa b\u00f6l\u00fcme g\u00f6z atman\u0131zda fayda var.<\/p>\r\n<h2>Troas Teruar\u0131, Karasak\u0131z Miras\u0131 ve Zanaatk\u00e2r Bir Dokunu\u015f<\/h2>\r\n<p>Canavar ekibinin kadehlerimize ta\u015f\u0131d\u0131\u011f\u0131 felsefenin merkezinde, Kuzey Ege\u2019nin ve kadim Troas (\u00c7anakkale\/Bayrami\u00e7) b\u00f6lgesinin o vah\u015fi, serin r\u00fczg\u00e2rlarla y\u0131kanan teruar\u0131 yer al\u0131r. Bu co\u011frafyan\u0131n as\u0131rl\u0131k sakini olan Karasak\u0131z (Kuntra) \u00fcz\u00fcm\u00fc, end\u00fcstriyel \u015farap\u00e7\u0131l\u0131\u011f\u0131n tektiple\u015ftirici tanklar\u0131nda genellikle rengi a\u00e7\u0131k ve g\u00f6vdesiz olarak nitelendirilerek kupajlar\u0131n (harmanlar\u0131n) g\u00f6r\u00fcnmez bir par\u00e7as\u0131 haline getirilmi\u015ftir. Oysa gen\u00e7 ve ba\u011f\u0131ms\u0131z zanaatk\u00e2rlar\u0131n ellerinde Karasak\u0131z hak etti\u011fi o asil ve \u00e7\u0131plak monosepaj kimli\u011fine b\u00fcr\u00fcnmektedir. Minimum m\u00fcdahaleci yakla\u015f\u0131mla, yerel mayalar\u0131n spontan fermentasyon g\u00fcc\u00fcyle i\u015flenen bu \u00fcz\u00fcm, kadehte o me\u015fhur taze k\u0131z\u0131lc\u0131k, nar, yabani \u00e7ilek aromalar\u0131n\u0131 ve t\u00fct\u00fcn yapra\u011f\u0131 tonlar\u0131ndaki o dikey, gevrek karakterini sergiler. Canavar Karasak\u0131z, end\u00fcstriyel manip\u00fclasyonlara boyun e\u011fmeyen, topra\u011f\u0131n sesini do\u011frudan damaklar\u0131m\u0131za f\u0131s\u0131ldayan ger\u00e7ek bir zanaat eseridir.<\/p>\r\n<h2>Butik \u00dcretim Direni\u015fi ve Butik \u015earap\u00e7\u0131l\u0131kta Yeni Dalga<\/h2>\r\n<p>T\u00fcrkiye \u015farap\u00e7\u0131l\u0131\u011f\u0131n\u0131n gelece\u011fi, b\u00fcy\u00fck hacimli end\u00fcstriyel fabrikalar\u0131n tektiple\u015ftirici \u00fcretim bantlar\u0131nda de\u011fil, &#8220;Canavar&#8221; gibi her bir f\u0131\u00e7\u0131ya, her bir salk\u0131ma adeta birer sanat eseri gibi yakla\u015fan ba\u011f\u0131ms\u0131z gen\u00e7 \u00fcreticilerin cesaretinde gizlidir. Bu yeni nesil butik dalga, devasa pazarlama b\u00fct\u00e7elerinin ve spek\u00fclatif \u015fi\u015fe etiketlerinin yaratt\u0131\u011f\u0131 ill\u00fczyon perdelerini y\u0131rtarak \u015farab\u0131 en saf, en d\u00fcr\u00fcst haliyle t\u00fcketiciyle bulu\u015fturman\u0131n m\u00fccadelesini vermektedir. Butik \u00fcretimin do\u011fas\u0131ndaki o tatl\u0131 riskleri, mevsimlerin getirdi\u011fi do\u011fal dalgalanmalar\u0131 birer kusur de\u011fil, o y\u0131l\u0131n ikliminin ve topra\u011f\u0131n\u0131n d\u00fcr\u00fcst birer g\u00fcnl\u00fc\u011f\u00fc olarak kabul eden bu felsefe, WAYANA&#8217;n\u0131n da yerel \u00e7e\u015fitlili\u011fi ve kaybolmaya y\u00fcz tutmu\u015f zanaatk\u00e2rl\u0131\u011f\u0131 koruma vizyonuyla tam bir uyum i\u00e7indedir. Gen\u00e7 \u00fcreticilerin bu kararl\u0131 ve tavizsiz y\u00fcr\u00fcy\u00fc\u015f\u00fc, Anadolu \u015farap atlas\u0131n\u0131n gelecekteki \u00e7okseslili\u011fini garanti alt\u0131na alan en g\u00fc\u00e7l\u00fc enolojik g\u00fcvencedir.<\/p>\r\n\r\n\r\n<\/div><!-- .vgblk-rw-wrapper --><div class=\"wp-block-image\"><div class=\"vgblk-rw-wrapper limit-wrapper\">\r\n<figure class=\"alignleft size-full is-resized\"><img fetchpriority=\"high\" decoding=\"async\" class=\"alignnone wp-image-991098\" style=\"width: 358px; height: auto;\" src=\"https:\/\/www.wayanatapas.com\/wp-content\/uploads\/2024\/07\/canavar-wayana-sarap-evi-kadikoy.jpeg-1.jpg\" alt=\"\u015earap\" width=\"465\" height=\"655\" srcset=\"https:\/\/www.wayanatapas.com\/wp-content\/uploads\/2024\/07\/canavar-wayana-sarap-evi-kadikoy.jpeg-1.jpg 465w, https:\/\/www.wayanatapas.com\/wp-content\/uploads\/2024\/07\/canavar-wayana-sarap-evi-kadikoy.jpeg-1-213x300.jpg 213w, https:\/\/www.wayanatapas.com\/wp-content\/uploads\/2024\/07\/canavar-wayana-sarap-evi-kadikoy.jpeg-1-9x12.jpg 9w, https:\/\/www.wayanatapas.com\/wp-content\/uploads\/2024\/07\/canavar-wayana-sarap-evi-kadikoy.jpeg-1-315x444.jpg 315w\" sizes=\"(max-width: 465px) 100vw, 465px\" \/><\/figure>\r\n<\/div><!-- .vgblk-rw-wrapper --><\/div><div class=\"vgblk-rw-wrapper limit-wrapper\">\r\n\r\n\r\n<p class=\"wp-block-paragraph\">Biz, Duygu ve Can; Canavar Ba\u011flar\u0131\u2019n\u0131n \u00fcreticileriyiz. \u015earap hik\u00e2yemiz Kaz Da\u011flar\u0131\u2019nda bir ya\u015fl\u0131 Karasak\u0131z ba\u011f\u0131 ile ba\u015flad\u0131. Bu y\u00fczden kendi hik\u00e2yemizi anlatmak i\u00e7in, ba\u011f\u0131n hik\u00e2yesini anlatmam\u0131z gerekir \u00f6ncelikle.\u00a0<\/p>\r\n\r\n\r\n\r\n<p class=\"wp-block-paragraph\">1980\u2019lerde, \u00c7anakkale\u2019deki Tekel Kanyak Fabrikas\u0131\u2019n\u0131n b\u00f6lgede dikilmesini te\u015fvik etti\u011fi Karasak\u0131z \u00fcz\u00fcmleri, Tekel\u2019in 2004\u2019te kapanmas\u0131yla birlikte g\u00f6zden d\u00fc\u015fm\u00fc\u015f. Fabrikan\u0131n kapan\u0131\u015f\u0131, Karasak\u0131z ba\u011fc\u0131lar\u0131n\u0131 \u00fcz\u00fcm\u00fcn fiyat\u0131n\u0131n ani d\u00fc\u015f\u00fc\u015f\u00fcyle zor durumda b\u0131rakm\u0131\u015f. Karasak\u0131z fiyatlar\u0131n\u0131n \u00e7ak\u0131lmas\u0131 sebebiyle, b\u00f6lgeye sofral\u0131k \u015farap \u00fcreticileri \u00fcz\u00fcm almak i\u00e7in ak\u0131n etmi\u015f ve her ge\u00e7en sezon daha ucuza \u00fcr\u00fcn toplamaya ba\u015flam\u0131\u015flar. Ba\u011fc\u0131lar \u00f6nce kazand\u0131klar\u0131 para ba\u011f ile ilgilenmeye de\u011fmedi\u011fi i\u00e7in ba\u011flar\u0131yla ilgilenmeyi b\u0131rakm\u0131\u015flar; sonra da yava\u015f yava\u015f ba\u011flar\u0131n\u0131 k\u00f6kleyip yerlerine meyve a\u011fa\u00e7lar\u0131 dikmeye ba\u015flam\u0131\u015flar. Bizim \u015farap yolculu\u011fumuz da bu bahsetti\u011fimiz ba\u011flardan birinde, bu y\u0131l 37. ya\u015f\u0131n\u0131 kutlad\u0131\u011f\u0131m\u0131z bir Karasak\u0131z ba\u011f\u0131na denk gelmemiz ve onun \u00e7evresinde kurdu\u011fumuz ekolojik hayatla ba\u015flad\u0131.\u00a0<\/p>\r\n\r\n\r\n\r\n<p class=\"wp-block-paragraph\">2019\u2019da ilk kez ba\u011fdaki \u00fcz\u00fcmlerimizden yapt\u0131\u011f\u0131m\u0131z ge\u00e7 hasat bir tatl\u0131 \u015farapla ba\u011f\u0131n potansiyeli ilgimizi \u00e7ekmeye ba\u015flad\u0131. \u00d6ncelikle \u00fcz\u00fcm hakk\u0131nda bilinen yanl\u0131\u015flar g\u00f6z\u00fcm\u00fcze \u00e7arpt\u0131. D\u00fc\u015f\u00fck asiditeli, tanensiz ve basit bir meyve profili olmas\u0131n\u0131 bekledi\u011fimiz \u015farap bunlar\u0131n tam tersiydi. \u2018Acaba kim bilir ba\u015fka neleri yanl\u0131\u015f biliyoruz\u2019, diye d\u00fc\u015f\u00fcnd\u00fcrd\u00fc bizi o \u015farap. Can\u2019\u0131n ara\u015ft\u0131rmaya ve alkoll\u00fc i\u00e7ecekler k\u00fclt\u00fcr\u00fcne ilgisi, Duygu\u2019nun ekolojik tar\u0131ma merak\u0131 ve \u00fcretimde yer alma iste\u011fiyle de k\u00f6r\u00fcklenen bu motivasyon, temelinde bir s\u00fcr\u00fc engel ve f\u0131rsat sayesinde bizi bu yola soktu. 2024 y\u0131l\u0131, 6. hasat\u0131m\u0131za haz\u0131rlan\u0131rken \u015fimdiye kadarki rekoltelerde Karasak\u0131z\u2019\u0131n neler vaat edebilece\u011fini herkesle payla\u015fabilmi\u015f olmaktan \u00e7ok mutluyuz.\u00a0<\/p>\r\n\r\n\r\n\r\n<p class=\"wp-block-paragraph\">\u00dcretim felsefemize gelirsek, biz nat\u00fcrel \u015farap felsefesini benimsiyoruz. Hem tar\u0131mda, hem \u015farap yap\u0131m s\u00fcrecinde d\u00fc\u015f\u00fck m\u00fcdahaleli \u00fcretim yaparak \u015farab\u0131n teruar\u0131n\u0131n \u00f6ne \u00e7\u0131kt\u0131\u011f\u0131 \u00fcr\u00fcnler ortaya koyarken do\u011faya da sayg\u0131l\u0131 bir \u00fcretim yapmay\u0131 tercih ediyoruz.\u00a0<\/p>\r\n\r\n\r\n\r\n<p class=\"wp-block-paragraph\">Felsefemizi anlat\u0131rken topraktan ba\u015fl\u0131yoruz \u00e7\u00fcnk\u00fc \u015farap bir tar\u0131m \u00fcr\u00fcn\u00fc; yap\u0131m\u0131 ba\u011fda ba\u015fl\u0131yor. Ba\u011f\u0131m\u0131zda hi\u00e7bir zehir kullanm\u0131yoruz, hatta organik kapsam\u0131nda olsa dahi, topra\u011fa zarar verdi\u011fini d\u00fc\u015f\u00fcnd\u00fc\u011f\u00fcm\u00fcz bir maddeye ba\u015fvurmuyoruz. \u00d6nceli\u011fimiz, topra\u011f\u0131m\u0131z\u0131n organik maddesini do\u011fal yollarla dengeli bir \u015fekilde y\u00fckseltmek. D\u0131\u015fa ba\u011f\u0131ml\u0131 olmadan kendi kendine yetebilen bir alan olu\u015fturmak. Bunu ba\u011f\u0131m\u0131z\u0131 \u00e7evreleyen arazimizde de s\u00fcrd\u00fcr\u00fcyoruz. Arazide yer alan 600 zeytin a\u011fac\u0131m\u0131z, 750 b\u00f6lgenin co\u011frafi i\u015faretli Bayrami\u00e7 Beyaz\u0131 ismindeki nektarinimiz ve her sene kurdu\u011fumuz bostan\u0131m\u0131zda da temiz \u00fcretim yapmak bizim i\u00e7in en \u00f6nemli konular. Arazimiz 2 cepheden orman ile \u00e7evrili oldu\u011fu i\u00e7in bir ekosistem kurulmas\u0131nda bize b\u00fcy\u00fck destek oluyor.\u00a0<\/p>\r\n\r\n\r\n<\/div><!-- .vgblk-rw-wrapper --><div class=\"wp-block-image\"><div class=\"vgblk-rw-wrapper limit-wrapper\">\r\n<figure class=\"alignleft size-large is-resized\"><img decoding=\"async\" class=\"alignnone wp-image-991101\" style=\"width: 435px; height: 326px;\" src=\"https:\/\/www.wayanatapas.com\/wp-content\/uploads\/2024\/07\/canavar-wayana-sarap-evi.jpeg-edited.jpg\" alt=\"\u015earap\" width=\"2268\" height=\"1701\" srcset=\"https:\/\/www.wayanatapas.com\/wp-content\/uploads\/2024\/07\/canavar-wayana-sarap-evi.jpeg-edited.jpg 2268w, https:\/\/www.wayanatapas.com\/wp-content\/uploads\/2024\/07\/canavar-wayana-sarap-evi.jpeg-edited-300x225.jpg 300w, https:\/\/www.wayanatapas.com\/wp-content\/uploads\/2024\/07\/canavar-wayana-sarap-evi.jpeg-edited-1024x768.jpg 1024w, https:\/\/www.wayanatapas.com\/wp-content\/uploads\/2024\/07\/canavar-wayana-sarap-evi.jpeg-edited-768x576.jpg 768w, https:\/\/www.wayanatapas.com\/wp-content\/uploads\/2024\/07\/canavar-wayana-sarap-evi.jpeg-edited-1536x1152.jpg 1536w, https:\/\/www.wayanatapas.com\/wp-content\/uploads\/2024\/07\/canavar-wayana-sarap-evi.jpeg-edited-2048x1536.jpg 2048w, https:\/\/www.wayanatapas.com\/wp-content\/uploads\/2024\/07\/canavar-wayana-sarap-evi.jpeg-edited-16x12.jpg 16w, https:\/\/www.wayanatapas.com\/wp-content\/uploads\/2024\/07\/canavar-wayana-sarap-evi.jpeg-edited-630x473.jpg 630w, https:\/\/www.wayanatapas.com\/wp-content\/uploads\/2024\/07\/canavar-wayana-sarap-evi.jpeg-edited-1260x945.jpg 1260w, https:\/\/www.wayanatapas.com\/wp-content\/uploads\/2024\/07\/canavar-wayana-sarap-evi.jpeg-edited-315x236.jpg 315w\" sizes=\"(max-width: 2268px) 100vw, 2268px\" \/><\/figure>\r\n<\/div><!-- .vgblk-rw-wrapper --><\/div><div class=\"vgblk-rw-wrapper limit-wrapper\">\r\n\r\n\r\n<p class=\"wp-block-paragraph\">Nat\u00fcrel \u015farab\u0131n ikinci olmazsa olmaz\u0131 vah\u015fi maya fermantasyonu. Ba\u011f\u0131m\u0131za tertemiz bakt\u0131\u011f\u0131m\u0131z i\u00e7in, kabu\u011fundaki mayas\u0131na g\u00fcveniyoruz. \u00dcz\u00fcm\u00fcn kabu\u011funda olu\u015fan ortam mayalar\u0131 \u015f\u0131ray\u0131 fermente ederek \u015faraba d\u00f6n\u00fc\u015ft\u00fcr\u00fcyor. Vah\u015fi maya fermantasyonunu savunmam\u0131z\u0131n en \u00f6nemli sebeplerinden biri de \u00fcz\u00fcm\u00fcn bizim b\u00f6lgemizde olmak istedi\u011fi \u015farab\u0131 olmas\u0131na izin verme ve potansiyelini anlama iste\u011fi.\u00a0<\/p>\r\n\r\n\r\n\r\n<p class=\"wp-block-paragraph\">After the experiments we have been conducting for a few years, we finally had the chance to release it to the market in the 2022 harvest. Our 2022 Karasak\u0131z gave life to Canavar Vineyard. We named it after Ampelo, the satyr and lover of Dionysus who gave life to the first vine from where he was buried.\u00a0<\/p>\r\n\r\n\r\n\r\n<p class=\"wp-block-paragraph\">Birka\u00e7 senedir yapt\u0131\u011f\u0131m\u0131z denemelerin, sonunda 2022 rekoltesinde piyasaya verme \u015fans\u0131n\u0131 yakalad\u0131k. 2022 Karasak\u0131z\u2019\u0131m\u0131z Canavar Ba\u011flar\u0131\u2019na can verdi. Biz de ona \u00f6ld\u00fc\u011f\u00fcnde g\u00f6m\u00fcld\u00fc\u011f\u00fc yerden ilk asmaya can veren, Dionisos\u2019un sevgilisi olan satir Ampelo\u2019nun ad\u0131n\u0131 verdik.\u00a0<\/p>\r\n\r\n\r\n\r\n<p class=\"wp-block-paragraph\">Ampelo\u2019nun can verdi\u011fi Canavar Ba\u011flar\u0131\u2019nda \u00fcretimimiz sadece Karasak\u0131z ile s\u0131n\u0131rl\u0131 de\u011fil. B\u00f6lgenin endemik \u00fcz\u00fcmlerinden S\u0131dalan ve \u00c7akal ile \u00e7al\u0131\u015f\u0131yoruz. Umuyoruz yak\u0131nda kendi alan\u0131m\u0131zda yapt\u0131\u011f\u0131m\u0131z sek denemelerinin yan\u0131 s\u0131ra tatl\u0131 \u015faraplar\u0131, passitolar\u0131 ve petnatlar\u0131 da \u00f6n\u00fcm\u00fczdeki rekoltelerde payla\u015fmaya ba\u015flayaca\u011f\u0131z. \u00dcretici olmak i\u015fte bu: yeni \u00fcz\u00fcmler, yeni \u00fcr\u00fcnler, yeni canavarlar&#8230;<\/p>\r\n<p>T\u00fcrkiye\u2019de yap\u0131lmas\u0131 zor i\u015flerden birini y\u00fcr\u00fcten \u015farap \u00fcreticileri hakk\u0131nda daha geni\u015f bilgi almak isterseniz, <span style=\"color: #3366ff;\"><a style=\"color: #3366ff;\" href=\"https:\/\/www.wayanatapas.com\/en\/turk-sarap-ureticileri\/\" target=\"_blank\" rel=\"noopener\"><strong>T\u00fcrkiye\u2019de \u015earap \u00dcreticileri: Antik Mirastan Modern D\u00f6n\u00fc\u015f\u00fcme<\/strong><\/a><\/span> yaz\u0131m\u0131z\u0131 inceleyebilirsiniz.<\/p>\r\n<p data-path-to-node=\"34\">Yeni nesil gen\u00e7 \u00fcreticilerin kadehlerimize ta\u015f\u0131d\u0131\u011f\u0131 bu ba\u011f\u0131ms\u0131z zanaatkarl\u0131k felsefesi, Troas teruar\u0131n\u0131n Karasak\u0131z miras\u0131 ve butik \u015farap\u00e7\u0131l\u0131\u011f\u0131n gelece\u011fi ilginizi \u00e7ekiyorsa, blogumuzdaki di\u011fer nitelikli teknik ve felsefi ara\u015ft\u0131rmalar\u0131m\u0131za da g\u00f6z atabilirsiniz:<\/p>\r\n<ul data-path-to-node=\"35\">\r\n<li>\r\n<p data-path-to-node=\"35,0,0\">Canavar ekibinin mahzende arad\u0131\u011f\u0131 o &#8220;saf, m\u00fcdahalesiz ve taklit edilemez \u00f6zg\u00fcnl\u00fck&#8221; hissinin enolojik anatomisini; ticari laboratuvar mayalar\u0131n\u0131n tektiple\u015ftirici etkisine yerel yabani su\u015flarla meydan okuyan felsefeyi ke\u015ffetmek i\u00e7in <a href=\"https:\/\/www.wayanatapas.com\/en\/sarapta-ozgunluk-ve-benzersizlik\/\" target=\"_blank\" rel=\"noopener\"><span style=\"color: #3366ff;\"><b data-path-to-node=\"35,0,0\" data-index-in-node=\"231\">\u015earapta \u00d6zg\u00fcnl\u00fck ve Benzersizlik Kavram\u0131n\u0131n Enolojik S\u0131rlar\u0131<\/b><\/span><\/a>\u00a0manifestomuzu ziyaret edebilirsiniz.<\/p>\r\n<\/li>\r\n<li>\r\n<p data-path-to-node=\"35,1,0\">End\u00fcstriyel \u015farap devlerinin y\u00fcksek b\u00fct\u00e7eli pazarlama ill\u00fczyonlar\u0131yla beynimizin \u00f6d\u00fcl merkezini (orbitofrontal korteks) nas\u0131l manip\u00fcle etti\u011fini ve bu oyunlara kar\u015f\u0131 gen\u00e7, ba\u011f\u0131ms\u0131z zanaatk\u00e2rlar\u0131n sundu\u011fu o adil gastronomik ger\u00e7ekli\u011fi okumak i\u00e7in <a href=\"https:\/\/www.wayanatapas.com\/en\/fiyat-algisi-ve-sarap-tadimi-zihnimiz-bizi-nasil-kandiriyor\/\" target=\"_blank\" rel=\"noopener\"><span style=\"color: #3366ff;\"><b data-path-to-node=\"35,1,0\" data-index-in-node=\"245\">How Price Influences Wine Perception: Are We Being Tricked?<\/b><\/span><\/a>\u00a0n\u00f6ro-gastronomi \u00e7al\u0131\u015fmam\u0131z\u0131 inceleyebilirsiniz.<\/p>\r\n<\/li>\r\n<li>\r\n<p data-path-to-node=\"35,2,0\">Yerel varyeteleri kurtararak butik \u00fcretim sahnesine kazand\u0131ran zanaatk\u00e2r reflekslerin bir di\u011fer muazzam \u00f6rne\u011fini; Denizli&#8217;nin \u00c7al il\u00e7esinde as\u0131rl\u0131k asmalardan s\u00fcz\u00fclen yerel miras\u0131n ve o g\u00f6rkemli sempozyumun detaylar\u0131n\u0131 \u00f6\u011frenmek i\u00e7in <a href=\"https:\/\/www.wayanatapas.com\/en\/calkarasi-sempozyumu-2026\/\" target=\"_blank\" rel=\"noopener\"><span style=\"color: #3366ff;\"><b data-path-to-node=\"35,2,0\" data-index-in-node=\"233\">\u00c7alkaras\u0131 Sempozyumu 2026<\/b><\/span><\/a>\u00a0saha analizimize g\u00f6z atabilirsiniz.<\/p>\r\n<\/li>\r\n<li>\r\n<p data-path-to-node=\"35,3,0\">Tek bir yerel \u00fcz\u00fcm varyetesinin, Canavar ekibinin o dinamik vizyonunda oldu\u011fu gibi, milimetrik hasat ve mahzen m\u00fcdahaleleriyle kadehte nas\u0131l dikey sek k\u0131rm\u0131z\u0131, canl\u0131 roze ya da k\u00f6p\u00fckl\u00fc gibi bamba\u015fka stillere b\u00fcr\u00fcnebilece\u011finin enolojik form\u00fcllerini incelemek i\u00e7in <a href=\"https:\/\/www.wayanatapas.com\/en\/bir-uzumun-uc-hali-4-uzum-x-3-stil\/\" target=\"_blank\" rel=\"noopener\"><span style=\"color: #3366ff;\"><b data-path-to-node=\"35,3,0\" data-index-in-node=\"263\">Bir \u00dcz\u00fcm\u00fcn \u00dc\u00e7 Hali: Farkl\u0131 \u015earap Stilleri ve Enoloji<\/b><\/span><\/a>\u00a0teknik rehberimize bakabilirsiniz.<\/p>\r\n<\/li>\r\n<\/ul>\r\n<\/div><!-- .vgblk-rw-wrapper -->","protected":false},"excerpt":{"rendered":"<p>Anadolu \u015farap\u00e7\u0131l\u0131\u011f\u0131n\u0131n gelece\u011fine y\u00f6n veren o en taze, en cesur ve zanaatkar ad\u0131mlardan birini mercek alt\u0131na al\u0131yoruz: Canavar. Kuzey Ege\u2019nin serin nefesiyle y\u0131kanan Troas teruar\u0131n\u0131n as\u0131rl\u0131k miras\u0131 Karasak\u0131z (Kuntra) \u00fcz\u00fcm\u00fcn\u00fc, minimum m\u00fcdahale ve yerel mayalar\u0131n spontan g\u00fcc\u00fcyle kadehte nas\u0131l an\u0131tsal bir monovaryete \u015f\u00f6lene d\u00f6n\u00fc\u015ft\u00fcrd\u00fcklerini; end\u00fcstriyel standardizasyona meydan okuyan bu ba\u011f\u0131ms\u0131z gen\u00e7 \u00fcretici \u00e7iftin o tutkulu ve ilham verici hikayesini WAYANA\u2019n\u0131n koruyucu vizyonuyla gururla sunuyoruz.<\/p>","protected":false},"author":2,"featured_media":991088,"comment_status":"open","ping_status":"open","sticky":false,"template":"","format":"standard","meta":{"_joinchat":[],"footnotes":""},"categories":[761],"tags":[434,186,1300,188,1302,1303,1301],"class_list":["post-991095","post","type-post","status-publish","format-standard","has-post-thumbnail","hentry","category-sarap-ureticileri","tag-butik-sarapcilik","tag-canavar-saraplari","tag-genc-uretici-sarap","tag-karasakiz-sarabi","tag-troas-teruari","tag-wayana-ureticiler","tag-zanaatkar-uretici"],"yoast_head":"<!-- This site is optimized with the Yoast SEO plugin v27.7 - https:\/\/yoast.com\/product\/yoast-seo-wordpress\/ -->\n<title>Canavar - Wayana Wine Bar<\/title>\n<meta name=\"description\" content=\"\u015earap \u00fcretimi i\u00e7in \u00c7anakkale&#039;de yola \u00e7\u0131kan gen\u00e7 bir \u00e7iftin butik hikayesi. Canavar Karasak\u0131z \u015farab\u0131n\u0131n teruar ve zanaat s\u0131rlar\u0131n\u0131 ke\u015ffedin.\" \/>\n<meta name=\"robots\" content=\"index, follow, max-snippet:-1, max-image-preview:large, max-video-preview:-1\" \/>\n<link rel=\"canonical\" href=\"https:\/\/www.wayanatapas.com\/en\/canavar-saraplari-genc-ve-bagimsiz-bir-girisim-hikayesi\/\" \/>\n<meta property=\"og:locale\" content=\"en_US\" \/>\n<meta property=\"og:type\" content=\"article\" \/>\n<meta property=\"og:title\" content=\"Canavar - Wayana Wine Bar\" \/>\n<meta property=\"og:description\" content=\"\u015earap \u00fcretimi i\u00e7in \u00c7anakkale&#039;de yola \u00e7\u0131kan gen\u00e7 bir \u00e7iftin butik hikayesi. Canavar Karasak\u0131z \u015farab\u0131n\u0131n teruar ve zanaat s\u0131rlar\u0131n\u0131 ke\u015ffedin.\" \/>\n<meta property=\"og:url\" content=\"https:\/\/www.wayanatapas.com\/en\/canavar-saraplari-genc-ve-bagimsiz-bir-girisim-hikayesi\/\" \/>\n<meta property=\"og:site_name\" content=\"Wayana Wine Bar\" \/>\n<meta property=\"article:publisher\" content=\"https:\/\/www.facebook.com\/wayanatapas\/\" \/>\n<meta property=\"article:published_time\" content=\"2024-07-05T18:47:35+00:00\" \/>\n<meta property=\"article:modified_time\" content=\"2026-07-27T11:42:46+00:00\" \/>\n<meta property=\"og:image\" content=\"https:\/\/www.wayanatapas.com\/wp-content\/uploads\/2024\/07\/canavar-wayana-sarap-evi-kadikoy-.jpeg.jpg\" \/>\n\t<meta property=\"og:image:width\" content=\"1200\" \/>\n\t<meta property=\"og:image:height\" content=\"1600\" \/>\n\t<meta property=\"og:image:type\" content=\"image\/jpeg\" \/>\n<meta name=\"author\" content=\"Cenap Kuzuo\u011flu\" \/>\n<meta name=\"twitter:card\" content=\"summary_large_image\" \/>\n<meta name=\"twitter:label1\" content=\"Written by\" \/>\n\t<meta name=\"twitter:data1\" content=\"Cenap Kuzuo\u011flu\" \/>\n\t<meta name=\"twitter:label2\" content=\"Est. reading time\" \/>\n\t<meta name=\"twitter:data2\" content=\"7 minutes\" \/>\n<script type=\"application\/ld+json\" class=\"yoast-schema-graph\">{\"@context\":\"https:\\\/\\\/schema.org\",\"@graph\":[{\"@type\":\"Article\",\"@id\":\"https:\\\/\\\/www.wayanatapas.com\\\/canavar-saraplari-genc-ve-bagimsiz-bir-girisim-hikayesi\\\/#article\",\"isPartOf\":{\"@id\":\"https:\\\/\\\/www.wayanatapas.com\\\/canavar-saraplari-genc-ve-bagimsiz-bir-girisim-hikayesi\\\/\"},\"author\":{\"name\":\"Cenap Kuzuo\u011flu\",\"@id\":\"https:\\\/\\\/www.wayanatapas.com\\\/#\\\/schema\\\/person\\\/851ceffa51197e2af70b71c125f2bd04\"},\"headline\":\"Canavar\",\"datePublished\":\"2024-07-05T18:47:35+00:00\",\"dateModified\":\"2026-07-27T11:42:46+00:00\",\"mainEntityOfPage\":{\"@id\":\"https:\\\/\\\/www.wayanatapas.com\\\/canavar-saraplari-genc-ve-bagimsiz-bir-girisim-hikayesi\\\/\"},\"wordCount\":1578,\"commentCount\":0,\"publisher\":{\"@id\":\"https:\\\/\\\/www.wayanatapas.com\\\/#organization\"},\"image\":{\"@id\":\"https:\\\/\\\/www.wayanatapas.com\\\/canavar-saraplari-genc-ve-bagimsiz-bir-girisim-hikayesi\\\/#primaryimage\"},\"thumbnailUrl\":\"https:\\\/\\\/www.wayanatapas.com\\\/wp-content\\\/uploads\\\/2024\\\/07\\\/canavar-wayana-sarap-evi-kadikoy-.jpeg.jpg\",\"keywords\":[\"Butik \u015earap\u00e7\u0131l\u0131k\",\"canavar \u015faraplar\u0131\",\"gen\u00e7 \u00fcretici \u015farap\",\"karasak\u0131z \u015farab\u0131\",\"Troas teruar\u0131\",\"WAYANA \u00fcreticiler\",\"zanaatkar \u00fcretici\"],\"articleSection\":[\"\u015earap \u00dcreticileri\"],\"inLanguage\":\"en-US\",\"potentialAction\":[{\"@type\":\"CommentAction\",\"name\":\"Comment\",\"target\":[\"https:\\\/\\\/www.wayanatapas.com\\\/canavar-saraplari-genc-ve-bagimsiz-bir-girisim-hikayesi\\\/#respond\"]}]},{\"@type\":\"WebPage\",\"@id\":\"https:\\\/\\\/www.wayanatapas.com\\\/canavar-saraplari-genc-ve-bagimsiz-bir-girisim-hikayesi\\\/\",\"url\":\"https:\\\/\\\/www.wayanatapas.com\\\/canavar-saraplari-genc-ve-bagimsiz-bir-girisim-hikayesi\\\/\",\"name\":\"Canavar - Wayana Wine Bar\",\"isPartOf\":{\"@id\":\"https:\\\/\\\/www.wayanatapas.com\\\/#website\"},\"primaryImageOfPage\":{\"@id\":\"https:\\\/\\\/www.wayanatapas.com\\\/canavar-saraplari-genc-ve-bagimsiz-bir-girisim-hikayesi\\\/#primaryimage\"},\"image\":{\"@id\":\"https:\\\/\\\/www.wayanatapas.com\\\/canavar-saraplari-genc-ve-bagimsiz-bir-girisim-hikayesi\\\/#primaryimage\"},\"thumbnailUrl\":\"https:\\\/\\\/www.wayanatapas.com\\\/wp-content\\\/uploads\\\/2024\\\/07\\\/canavar-wayana-sarap-evi-kadikoy-.jpeg.jpg\",\"datePublished\":\"2024-07-05T18:47:35+00:00\",\"dateModified\":\"2026-07-27T11:42:46+00:00\",\"description\":\"\u015earap \u00fcretimi i\u00e7in \u00c7anakkale'de yola \u00e7\u0131kan gen\u00e7 bir \u00e7iftin butik hikayesi. Canavar Karasak\u0131z \u015farab\u0131n\u0131n teruar ve zanaat s\u0131rlar\u0131n\u0131 ke\u015ffedin.\",\"breadcrumb\":{\"@id\":\"https:\\\/\\\/www.wayanatapas.com\\\/canavar-saraplari-genc-ve-bagimsiz-bir-girisim-hikayesi\\\/#breadcrumb\"},\"inLanguage\":\"en-US\",\"potentialAction\":[{\"@type\":\"ReadAction\",\"target\":[\"https:\\\/\\\/www.wayanatapas.com\\\/canavar-saraplari-genc-ve-bagimsiz-bir-girisim-hikayesi\\\/\"]}]},{\"@type\":\"ImageObject\",\"inLanguage\":\"en-US\",\"@id\":\"https:\\\/\\\/www.wayanatapas.com\\\/canavar-saraplari-genc-ve-bagimsiz-bir-girisim-hikayesi\\\/#primaryimage\",\"url\":\"https:\\\/\\\/www.wayanatapas.com\\\/wp-content\\\/uploads\\\/2024\\\/07\\\/canavar-wayana-sarap-evi-kadikoy-.jpeg.jpg\",\"contentUrl\":\"https:\\\/\\\/www.wayanatapas.com\\\/wp-content\\\/uploads\\\/2024\\\/07\\\/canavar-wayana-sarap-evi-kadikoy-.jpeg.jpg\",\"width\":1200,\"height\":1600,\"caption\":\"\u015earap\"},{\"@type\":\"BreadcrumbList\",\"@id\":\"https:\\\/\\\/www.wayanatapas.com\\\/canavar-saraplari-genc-ve-bagimsiz-bir-girisim-hikayesi\\\/#breadcrumb\",\"itemListElement\":[{\"@type\":\"ListItem\",\"position\":1,\"name\":\"Anasayfa\",\"item\":\"https:\\\/\\\/www.wayanatapas.com\\\/\"},{\"@type\":\"ListItem\",\"position\":2,\"name\":\"Canavar\"}]},{\"@type\":\"WebSite\",\"@id\":\"https:\\\/\\\/www.wayanatapas.com\\\/#website\",\"url\":\"https:\\\/\\\/www.wayanatapas.com\\\/\",\"name\":\"Wayana Wine Bar\",\"description\":\"Wayana Tapas\",\"publisher\":{\"@id\":\"https:\\\/\\\/www.wayanatapas.com\\\/#organization\"},\"potentialAction\":[{\"@type\":\"SearchAction\",\"target\":{\"@type\":\"EntryPoint\",\"urlTemplate\":\"https:\\\/\\\/www.wayanatapas.com\\\/?s={search_term_string}\"},\"query-input\":{\"@type\":\"PropertyValueSpecification\",\"valueRequired\":true,\"valueName\":\"search_term_string\"}}],\"inLanguage\":\"en-US\"},{\"@type\":\"Organization\",\"@id\":\"https:\\\/\\\/www.wayanatapas.com\\\/#organization\",\"name\":\"Wayana Wine Bar\",\"url\":\"https:\\\/\\\/www.wayanatapas.com\\\/\",\"logo\":{\"@type\":\"ImageObject\",\"inLanguage\":\"en-US\",\"@id\":\"https:\\\/\\\/www.wayanatapas.com\\\/#\\\/schema\\\/logo\\\/image\\\/\",\"url\":\"https:\\\/\\\/www.wayanatapas.com\\\/wp-content\\\/uploads\\\/2023\\\/11\\\/LOGOTYPE-WAYANA-03.png\",\"contentUrl\":\"https:\\\/\\\/www.wayanatapas.com\\\/wp-content\\\/uploads\\\/2023\\\/11\\\/LOGOTYPE-WAYANA-03.png\",\"width\":626,\"height\":209,\"caption\":\"Wayana Wine Bar\"},\"image\":{\"@id\":\"https:\\\/\\\/www.wayanatapas.com\\\/#\\\/schema\\\/logo\\\/image\\\/\"},\"sameAs\":[\"https:\\\/\\\/www.facebook.com\\\/wayanatapas\\\/\",\"https:\\\/\\\/www.instagram.com\\\/wayanatapas\\\/\"]},{\"@type\":\"Person\",\"@id\":\"https:\\\/\\\/www.wayanatapas.com\\\/#\\\/schema\\\/person\\\/851ceffa51197e2af70b71c125f2bd04\",\"name\":\"Cenap Kuzuo\u011flu\",\"image\":{\"@type\":\"ImageObject\",\"inLanguage\":\"en-US\",\"@id\":\"https:\\\/\\\/www.wayanatapas.com\\\/wp-content\\\/litespeed\\\/avatar\\\/509c698570a62b522be70b8c4d2aab53.jpg?ver=1788217750\",\"url\":\"https:\\\/\\\/www.wayanatapas.com\\\/wp-content\\\/litespeed\\\/avatar\\\/509c698570a62b522be70b8c4d2aab53.jpg?ver=1788217750\",\"contentUrl\":\"https:\\\/\\\/www.wayanatapas.com\\\/wp-content\\\/litespeed\\\/avatar\\\/509c698570a62b522be70b8c4d2aab53.jpg?ver=1788217750\",\"caption\":\"Cenap Kuzuo\u011flu\"},\"url\":\"https:\\\/\\\/www.wayanatapas.com\\\/en\\\/author\\\/cenapkuzuoglu\\\/\"}]}<\/script>\n<!-- \/ Yoast SEO plugin. -->","yoast_head_json":{"title":"Canavar - Wayana Wine Bar","description":"\u015earap \u00fcretimi i\u00e7in \u00c7anakkale'de yola \u00e7\u0131kan gen\u00e7 bir \u00e7iftin butik hikayesi. Canavar Karasak\u0131z \u015farab\u0131n\u0131n teruar ve zanaat s\u0131rlar\u0131n\u0131 ke\u015ffedin.","robots":{"index":"index","follow":"follow","max-snippet":"max-snippet:-1","max-image-preview":"max-image-preview:large","max-video-preview":"max-video-preview:-1"},"canonical":"https:\/\/www.wayanatapas.com\/en\/canavar-saraplari-genc-ve-bagimsiz-bir-girisim-hikayesi\/","og_locale":"en_US","og_type":"article","og_title":"Canavar - Wayana Wine Bar","og_description":"\u015earap \u00fcretimi i\u00e7in \u00c7anakkale'de yola \u00e7\u0131kan gen\u00e7 bir \u00e7iftin butik hikayesi. Canavar Karasak\u0131z \u015farab\u0131n\u0131n teruar ve zanaat s\u0131rlar\u0131n\u0131 ke\u015ffedin.","og_url":"https:\/\/www.wayanatapas.com\/en\/canavar-saraplari-genc-ve-bagimsiz-bir-girisim-hikayesi\/","og_site_name":"Wayana Wine Bar","article_publisher":"https:\/\/www.facebook.com\/wayanatapas\/","article_published_time":"2024-07-05T18:47:35+00:00","article_modified_time":"2026-07-27T11:42:46+00:00","og_image":[{"width":1200,"height":1600,"url":"https:\/\/www.wayanatapas.com\/wp-content\/uploads\/2024\/07\/canavar-wayana-sarap-evi-kadikoy-.jpeg.jpg","type":"image\/jpeg"}],"author":"Cenap Kuzuo\u011flu","twitter_card":"summary_large_image","twitter_misc":{"Written by":"Cenap Kuzuo\u011flu","Est. reading time":"7 minutes"},"schema":{"@context":"https:\/\/schema.org","@graph":[{"@type":"Article","@id":"https:\/\/www.wayanatapas.com\/canavar-saraplari-genc-ve-bagimsiz-bir-girisim-hikayesi\/#article","isPartOf":{"@id":"https:\/\/www.wayanatapas.com\/canavar-saraplari-genc-ve-bagimsiz-bir-girisim-hikayesi\/"},"author":{"name":"Cenap Kuzuo\u011flu","@id":"https:\/\/www.wayanatapas.com\/#\/schema\/person\/851ceffa51197e2af70b71c125f2bd04"},"headline":"Canavar","datePublished":"2024-07-05T18:47:35+00:00","dateModified":"2026-07-27T11:42:46+00:00","mainEntityOfPage":{"@id":"https:\/\/www.wayanatapas.com\/canavar-saraplari-genc-ve-bagimsiz-bir-girisim-hikayesi\/"},"wordCount":1578,"commentCount":0,"publisher":{"@id":"https:\/\/www.wayanatapas.com\/#organization"},"image":{"@id":"https:\/\/www.wayanatapas.com\/canavar-saraplari-genc-ve-bagimsiz-bir-girisim-hikayesi\/#primaryimage"},"thumbnailUrl":"https:\/\/www.wayanatapas.com\/wp-content\/uploads\/2024\/07\/canavar-wayana-sarap-evi-kadikoy-.jpeg.jpg","keywords":["Butik \u015earap\u00e7\u0131l\u0131k","canavar \u015faraplar\u0131","gen\u00e7 \u00fcretici \u015farap","karasak\u0131z \u015farab\u0131","Troas teruar\u0131","WAYANA \u00fcreticiler","zanaatkar \u00fcretici"],"articleSection":["\u015earap \u00dcreticileri"],"inLanguage":"en-US","potentialAction":[{"@type":"CommentAction","name":"Comment","target":["https:\/\/www.wayanatapas.com\/canavar-saraplari-genc-ve-bagimsiz-bir-girisim-hikayesi\/#respond"]}]},{"@type":"WebPage","@id":"https:\/\/www.wayanatapas.com\/canavar-saraplari-genc-ve-bagimsiz-bir-girisim-hikayesi\/","url":"https:\/\/www.wayanatapas.com\/canavar-saraplari-genc-ve-bagimsiz-bir-girisim-hikayesi\/","name":"Canavar - Wayana Wine Bar","isPartOf":{"@id":"https:\/\/www.wayanatapas.com\/#website"},"primaryImageOfPage":{"@id":"https:\/\/www.wayanatapas.com\/canavar-saraplari-genc-ve-bagimsiz-bir-girisim-hikayesi\/#primaryimage"},"image":{"@id":"https:\/\/www.wayanatapas.com\/canavar-saraplari-genc-ve-bagimsiz-bir-girisim-hikayesi\/#primaryimage"},"thumbnailUrl":"https:\/\/www.wayanatapas.com\/wp-content\/uploads\/2024\/07\/canavar-wayana-sarap-evi-kadikoy-.jpeg.jpg","datePublished":"2024-07-05T18:47:35+00:00","dateModified":"2026-07-27T11:42:46+00:00","description":"\u015earap \u00fcretimi i\u00e7in \u00c7anakkale'de yola \u00e7\u0131kan gen\u00e7 bir \u00e7iftin butik hikayesi. Canavar Karasak\u0131z \u015farab\u0131n\u0131n teruar ve zanaat s\u0131rlar\u0131n\u0131 ke\u015ffedin.","breadcrumb":{"@id":"https:\/\/www.wayanatapas.com\/canavar-saraplari-genc-ve-bagimsiz-bir-girisim-hikayesi\/#breadcrumb"},"inLanguage":"en-US","potentialAction":[{"@type":"ReadAction","target":["https:\/\/www.wayanatapas.com\/canavar-saraplari-genc-ve-bagimsiz-bir-girisim-hikayesi\/"]}]},{"@type":"ImageObject","inLanguage":"en-US","@id":"https:\/\/www.wayanatapas.com\/canavar-saraplari-genc-ve-bagimsiz-bir-girisim-hikayesi\/#primaryimage","url":"https:\/\/www.wayanatapas.com\/wp-content\/uploads\/2024\/07\/canavar-wayana-sarap-evi-kadikoy-.jpeg.jpg","contentUrl":"https:\/\/www.wayanatapas.com\/wp-content\/uploads\/2024\/07\/canavar-wayana-sarap-evi-kadikoy-.jpeg.jpg","width":1200,"height":1600,"caption":"\u015earap"},{"@type":"BreadcrumbList","@id":"https:\/\/www.wayanatapas.com\/canavar-saraplari-genc-ve-bagimsiz-bir-girisim-hikayesi\/#breadcrumb","itemListElement":[{"@type":"ListItem","position":1,"name":"Anasayfa","item":"https:\/\/www.wayanatapas.com\/"},{"@type":"ListItem","position":2,"name":"Canavar"}]},{"@type":"WebSite","@id":"https:\/\/www.wayanatapas.com\/#website","url":"https:\/\/www.wayanatapas.com\/","name":"Wayana Wine Bar","description":"Wayana Tapas","publisher":{"@id":"https:\/\/www.wayanatapas.com\/#organization"},"potentialAction":[{"@type":"SearchAction","target":{"@type":"EntryPoint","urlTemplate":"https:\/\/www.wayanatapas.com\/?s={search_term_string}"},"query-input":{"@type":"PropertyValueSpecification","valueRequired":true,"valueName":"search_term_string"}}],"inLanguage":"en-US"},{"@type":"Organization","@id":"https:\/\/www.wayanatapas.com\/#organization","name":"Wayana Wine Bar","url":"https:\/\/www.wayanatapas.com\/","logo":{"@type":"ImageObject","inLanguage":"en-US","@id":"https:\/\/www.wayanatapas.com\/#\/schema\/logo\/image\/","url":"https:\/\/www.wayanatapas.com\/wp-content\/uploads\/2023\/11\/LOGOTYPE-WAYANA-03.png","contentUrl":"https:\/\/www.wayanatapas.com\/wp-content\/uploads\/2023\/11\/LOGOTYPE-WAYANA-03.png","width":626,"height":209,"caption":"Wayana Wine Bar"},"image":{"@id":"https:\/\/www.wayanatapas.com\/#\/schema\/logo\/image\/"},"sameAs":["https:\/\/www.facebook.com\/wayanatapas\/","https:\/\/www.instagram.com\/wayanatapas\/"]},{"@type":"Person","@id":"https:\/\/www.wayanatapas.com\/#\/schema\/person\/851ceffa51197e2af70b71c125f2bd04","name":"Cenap Kuzuo\u011flu","image":{"@type":"ImageObject","inLanguage":"en-US","@id":"https:\/\/www.wayanatapas.com\/wp-content\/litespeed\/avatar\/509c698570a62b522be70b8c4d2aab53.jpg?ver=1788217750","url":"https:\/\/www.wayanatapas.com\/wp-content\/litespeed\/avatar\/509c698570a62b522be70b8c4d2aab53.jpg?ver=1788217750","contentUrl":"https:\/\/www.wayanatapas.com\/wp-content\/litespeed\/avatar\/509c698570a62b522be70b8c4d2aab53.jpg?ver=1788217750","caption":"Cenap Kuzuo\u011flu"},"url":"https:\/\/www.wayanatapas.com\/en\/author\/cenapkuzuoglu\/"}]}},"_links":{"self":[{"href":"https:\/\/www.wayanatapas.com\/en\/wp-json\/wp\/v2\/posts\/991095","targetHints":{"allow":["GET"]}}],"collection":[{"href":"https:\/\/www.wayanatapas.com\/en\/wp-json\/wp\/v2\/posts"}],"about":[{"href":"https:\/\/www.wayanatapas.com\/en\/wp-json\/wp\/v2\/types\/post"}],"author":[{"embeddable":true,"href":"https:\/\/www.wayanatapas.com\/en\/wp-json\/wp\/v2\/users\/2"}],"replies":[{"embeddable":true,"href":"https:\/\/www.wayanatapas.com\/en\/wp-json\/wp\/v2\/comments?post=991095"}],"version-history":[{"count":4,"href":"https:\/\/www.wayanatapas.com\/en\/wp-json\/wp\/v2\/posts\/991095\/revisions"}],"predecessor-version":[{"id":994311,"href":"https:\/\/www.wayanatapas.com\/en\/wp-json\/wp\/v2\/posts\/991095\/revisions\/994311"}],"wp:featuredmedia":[{"embeddable":true,"href":"https:\/\/www.wayanatapas.com\/en\/wp-json\/wp\/v2\/media\/991088"}],"wp:attachment":[{"href":"https:\/\/www.wayanatapas.com\/en\/wp-json\/wp\/v2\/media?parent=991095"}],"wp:term":[{"taxonomy":"category","embeddable":true,"href":"https:\/\/www.wayanatapas.com\/en\/wp-json\/wp\/v2\/categories?post=991095"},{"taxonomy":"post_tag","embeddable":true,"href":"https:\/\/www.wayanatapas.com\/en\/wp-json\/wp\/v2\/tags?post=991095"}],"curies":[{"name":"wp","href":"https:\/\/api.w.org\/{rel}","templated":true}]}}