{"id":991926,"date":"2025-10-10T23:54:49","date_gmt":"2025-10-10T20:54:49","guid":{"rendered":"https:\/\/www.wayanatapas.com\/?p=991926"},"modified":"2026-07-18T22:33:37","modified_gmt":"2026-07-18T19:33:37","slug":"yuksek-rakimli-baglar","status":"publish","type":"post","link":"https:\/\/www.wayanatapas.com\/en\/yuksek-rakimli-baglar\/","title":{"rendered":"Y\u00fcksek Rak\u0131ml\u0131 Ba\u011flar: Ba\u011f\u0131n Deniz Seviyesinden Y\u00fcksekli\u011fi \u015earab\u0131 Nas\u0131l Etkiler?"},"content":{"rendered":"<div class=\"vgblk-rw-wrapper limit-wrapper\">\r\n<p class=\"wp-block-paragraph\">Ayn\u0131 \u00fcz\u00fcm \u00e7e\u015fidi neden 300 metrede bamba\u015fka, 1.200 metrede ise bamba\u015fka bir karakter kazan\u0131r? Bunun en \u00f6nemli nedenlerinden biri rak\u0131md\u0131r. \u00dcstelik g\u00fcn\u00fcm\u00fczde y\u00fcksek rak\u0131ml\u0131 ba\u011flar\u0131n sa\u011flad\u0131\u011f\u0131 \u00f6nemli avantajlar oldu\u011fu g\u00f6zlenmektedir.<\/p>\r\n<p>Bir kadehte bulu\u015fan hik\u00e2ye, yaln\u0131zca \u00fcz\u00fcm ve f\u0131\u00e7\u0131dan ibaret de\u011fil. Toprak, \u0131\u015f\u0131k, r\u00fczg\u00e2r, su dengesi derken bir bile\u015fen daha var ki son y\u0131llarda gittik\u00e7e daha \u00e7ok konu\u015fuluyor: y\u00fckseklik. Ba\u011flar\u0131n deniz seviyesinden y\u00fcksekli\u011fi, \u00fcz\u00fcme ve \u015faraba nas\u0131l yans\u0131yor? Sekt\u00f6r\u00fcn y\u00fckseltiye bak\u0131\u015f\u0131 zaman i\u00e7inde neden de\u011fi\u015fti? \u0130klim de\u011fi\u015fimi bu ili\u015fkiyi nas\u0131l yeniden kuruyor? Bu yaz\u0131, hem T\u00fcrkiye\u2019den \u00f6rneklerle hem de d\u00fcnyadan y\u00fcksek rak\u0131ml\u0131 ba\u011flar kar\u015f\u0131la\u015ft\u0131rmalar\u0131yla konuyu katman katman ele al\u0131yor.<\/p>\r\n<p>Bilgi Kutusu: Rak\u0131m Artt\u0131k\u00e7a Neler De\u011fi\u015fir?<\/p>\r\n<ul>\r\n<li data-start=\"2765\" data-end=\"2795\">Ortalama s\u0131cakl\u0131k d\u00fc\u015fer.<\/li>\r\n<li data-start=\"2796\" data-end=\"2834\">G\u00fcnd\u00fcz-gece s\u0131cakl\u0131k fark\u0131 artar.<\/li>\r\n<li data-start=\"2835\" data-end=\"2857\">UV \u0131\u015f\u0131n\u0131m\u0131 artar.<\/li>\r\n<li data-start=\"2858\" data-end=\"2883\">Olgunla\u015fma yava\u015flar.<\/li>\r\n<li data-start=\"2884\" data-end=\"2909\">Asidite korunabilir.<\/li>\r\n<li data-start=\"2910\" data-end=\"2962\">Aromatik bile\u015fiklerin geli\u015fimi farkl\u0131la\u015fabilir.<\/li>\r\n<\/ul>\r\n\r\n\r\n<\/div><!-- .vgblk-rw-wrapper --><div class=\"wp-block-image\"><div class=\"vgblk-rw-wrapper limit-wrapper\">\r\n<figure class=\"alignleft size-full is-resized\"><img fetchpriority=\"high\" decoding=\"async\" class=\"alignnone wp-image-991927\" style=\"width: 651px; height: auto;\" src=\"https:\/\/www.wayanatapas.com\/wp-content\/uploads\/2025\/10\/13-19-Ekim-Yukselti-Gorseli-2.jpeg\" alt=\"\u015eili'nin y\u00fcksek rak\u0131ml\u0131 ba\u011flar\u0131na bir \u00f6rnek\" width=\"920\" height=\"609\" srcset=\"https:\/\/www.wayanatapas.com\/wp-content\/uploads\/2025\/10\/13-19-Ekim-Yukselti-Gorseli-2.jpeg 920w, https:\/\/www.wayanatapas.com\/wp-content\/uploads\/2025\/10\/13-19-Ekim-Yukselti-Gorseli-2-300x199.jpeg 300w, https:\/\/www.wayanatapas.com\/wp-content\/uploads\/2025\/10\/13-19-Ekim-Yukselti-Gorseli-2-768x508.jpeg 768w, https:\/\/www.wayanatapas.com\/wp-content\/uploads\/2025\/10\/13-19-Ekim-Yukselti-Gorseli-2-18x12.jpeg 18w, https:\/\/www.wayanatapas.com\/wp-content\/uploads\/2025\/10\/13-19-Ekim-Yukselti-Gorseli-2-630x417.jpeg 630w, https:\/\/www.wayanatapas.com\/wp-content\/uploads\/2025\/10\/13-19-Ekim-Yukselti-Gorseli-2-315x209.jpeg 315w\" sizes=\"(max-width: 920px) 100vw, 920px\" \/><\/figure>\r\n<\/div><!-- .vgblk-rw-wrapper --><\/div><div class=\"vgblk-rw-wrapper limit-wrapper\">\r\n\r\n\r\n<h2>The Biophysics of Elevation: Acidity, Aroma, Phenolics<\/h2>\r\n\r\n\r\n\r\n<p class=\"wp-block-paragraph\">Y\u00fcksek rak\u0131ml\u0131 ba\u011flar\u0131n en belirgin \u00f6zellikleri, daha serin ortalamalar ve belirgin g\u00fcnd\u00fcz-gece s\u0131cakl\u0131k farklar\u0131d\u0131r. G\u00fcnd\u00fcz fotosentezle biriken \u015feker, geceleri a\u015f\u0131r\u0131 y\u00fckselmeyen s\u0131cakl\u0131klarda asitli\u011fi daha iyi korur; bu da tazelik, canl\u0131l\u0131k ve aromatik netlik olarak kadehe yans\u0131r. Atmosfer inceldik\u00e7e artan UV bile\u015feni kabukta fenolik sentezi tetikleyebilir; k\u0131rm\u0131z\u0131larda renk yo\u011funlu\u011funa ve tanen dokusuna katk\u0131 sunar. Olgunla\u015fma penceresi genellikle uzar, a\u015f\u0131r\u0131 olgunla\u015fma riski azal\u0131r; ancak ilkbahar donu gibi riskler de artar. K\u0131sacas\u0131, y\u00fckselti tek ba\u015f\u0131na sihirli de\u011fnek de\u011fil, fakat do\u011fru toprak, e\u011fim ve bak\u0131m pratikleriyle birle\u015fti\u011finde g\u00fc\u00e7l\u00fc bir kald\u0131ra\u00e7t\u0131r. Bu konuda daha geni\u015f bilgiye ula\u015fmak isteyenlere Dr. Gregory V. Jones\u2019un makalelerini \u00f6neririz.\u00a0<\/p>\r\n\r\n\r\n\r\n<h2>A Shift in Perception: From \u201cCold Risk\u201d to \u201cCool Refuge\u201d<\/h2>\r\n\r\n\r\n\r\n<p class=\"wp-block-paragraph\">Klasik d\u00f6nemde y\u00fckselti \u00e7o\u011fu b\u00f6lgede verim ve don riskiyle an\u0131l\u0131rken, son 20\u201330 y\u0131lda \u0131s\u0131nan iklim dengeleri oyunu de\u011fi\u015ftirdi. \u00dcreticiler s\u0131cak bask\u0131y\u0131 dengelemek i\u00e7in daha serin mikroiklimler ararken, y\u00fcksek rak\u0131mlar cazibe kazand\u0131. Bug\u00fcn, d\u00fcnyada 3.000 metrenin bile \u00fczerine \u00e7\u0131kan ba\u011f \u00f6rnekleri var; Andlar\u2019da 3.300 metre seviyesindeki parseller, \u201cy\u00fcksek ba\u011f\u201d fikrinin s\u0131n\u0131rlar\u0131n\u0131 geni\u015fletiyor. En u\u00e7 \u00f6rnek ise Guinness Rekoru: Tibet\/Lhasa\u2019da 3.563 metreyle d\u00fcnyan\u0131n en y\u00fcksek ticari ba\u011f\u0131. Bu, \u015farap\u00e7\u0131l\u0131\u011f\u0131n ekolojik esnekli\u011fini \u00e7arp\u0131c\u0131 bi\u00e7imde g\u00f6steriyor.\u00a0\u00a0<\/p>\r\n\r\n\r\n\r\n<p class=\"wp-block-paragraph\">Ayn\u0131 d\u00f6n\u00fc\u015f\u00fcm, iklim de\u011fi\u015fiminin bask\u0131s\u0131yla birlikte stratejik bir hamleye d\u00f6n\u00fc\u015ft\u00fc: \u00fcreticiler serin ku\u015faklara, kuzeye veya yukar\u0131ya y\u00f6neliyor. Son y\u0131llardaki \u00e7al\u0131\u015fmalar, bug\u00fcn \u00fcretim yap\u0131lan alanlar\u0131n \u00f6nemli bir b\u00f6l\u00fcm\u00fcn\u00fcn y\u00fczy\u0131l sonunda farkl\u0131 uygunluk senaryolar\u0131yla kar\u015f\u0131la\u015faca\u011f\u0131n\u0131, buna kar\u015f\u0131l\u0131k yeni serin b\u00f6lgelerin ve y\u00fcksek rak\u0131mlar\u0131n f\u0131rsat penceresi a\u00e7t\u0131\u011f\u0131n\u0131 aktar\u0131yor.\u00a0\u00a0<\/p>\r\n\r\n\r\n\r\n<p class=\"wp-block-paragraph\"><strong>Three Examples from Turkey: Elmal\u0131, Cappadocia, Elaz\u0131\u011f\u2013Diyarbak\u0131r<\/strong><\/p>\r\n\r\n\r\n\r\n<p class=\"wp-block-paragraph\">T\u00fcrkiye, ortalama 1.141 metrelik \u00fclke kotuyla zaten \u201cy\u00fckseklik\u201d fikrine yabanc\u0131 de\u011fil. Arazinin %57\u2019si 1.000 metrenin \u00fczerinde; yani serin mikroiklimler, iyi tasarlanm\u0131\u015f ba\u011flarla bulu\u015ftu\u011funda, y\u00fcksek rak\u0131m\u0131n avantaj\u0131 \u00fclke \u00f6l\u00e7e\u011finde \u00f6nemli bir se\u00e7enek.\u00a0\u00a0<\/p>\r\n\r\n\r\n\r\n<h3>Elmal\u0131 (Antalya):<\/h3>\r\n<p class=\"wp-block-paragraph\">Toroslar\u0131n eteklerindeki Elmal\u0131\u2019da ba\u011flar\u0131n yakla\u015f\u0131k 1.100 metre seviyelerine kurulu oldu\u011fu, b\u00f6lgenin gece-g\u00fcnd\u00fcz fark\u0131yla taze asitlik ve aromatik netlik sundu\u011fu \u00fcretici ve b\u00f6lge anlat\u0131lar\u0131nda vurgulan\u0131yor. Bu y\u00fckseklik, s\u0131cak yazlarda \u0131s\u0131 stresini t\u00f6rp\u00fcleyip dengeli olgunla\u015fmaya alan a\u00e7\u0131yor.\u00a0B\u00f6lgenin \u015fimdilik tek \u00fcreticisi olan Likya \u015earaplar\u0131, Bo\u011fazkere\u2019nin olgunla\u015fma s\u00fcrecinin 210 g\u00fcne ula\u015ft\u0131\u011f\u0131n\u0131, Kas\u0131m ay\u0131na sarkan hasat zamanlar\u0131 ya\u015fad\u0131klar\u0131n\u0131 bildiriyor.<\/p>\r\n\r\n\r\n\r\n<h3>Kapadokya (Nev\u015fehir) ve Orta Toroslar (Mersin):<\/h3>\r\n<p class=\"wp-block-paragraph\">Volkanik topraklar ve y\u00fcksek plato ko\u015fullar\u0131 Kapadokya\u2019y\u0131 do\u011fall\u0131kla \u201cy\u00fcksek\u201d k\u0131l\u0131yor. B\u00f6lge anlat\u0131lar\u0131nda 1.000\u20131.200 metre bantlar\u0131 s\u0131kl\u0131kla ge\u00e7iyor; bu ko\u015fullar \u00f6zellikle Emir gibi yerli beyazlarda asit canl\u0131l\u0131\u011f\u0131 ve zarif profilleri destekliyor. Mersinli \u00fcreticilerin\u00a0Ak\u00fcz\u00fcm ve Patara \u00fcz\u00fcm ba\u011flar\u0131, Toroslar\u2019\u0131n bin metrenin \u00fczerindeki d\u00fczl\u00fcklerinde.<\/p>\r\n\r\n\r\n\r\n<h3>Elaz\u0131\u011f-Diyarbak\u0131r hatt\u0131:<\/h3>\r\n<p class=\"wp-block-paragraph\">Do\u011fu-G\u00fcneydo\u011fu\u2019nun kadim ba\u011fc\u0131l\u0131k havzalar\u0131nda rak\u0131mlar tipik olarak 900 metre d\u00fczeyinde seyrediyor; b\u00f6lge profilleri \u201cy\u00fcksek rak\u0131m\u201d ve belirgin diurnal farklar\u0131n kaliteye katk\u0131s\u0131ndan s\u00f6z ediyor. Bu bant, \u00f6zellikle s\u0131cak yazlarda asit dengesini korumak i\u00e7in kritik. Diyarbak\u0131r sayfalar\u0131nda da y\u00fcksek rak\u0131m vurgusu dikkat \u00e7ekiyor.\u00a07Bilgeler\u2019in Vindemia serisindeki \u00d6k\u00fczg\u00f6z\u00fc \u00fcz\u00fcmlerini tedarik etti\u011fi anla\u015fmal\u0131 iki ayr\u0131 ba\u011f 1.450 ve 1.550 metre y\u00fckseklikte.<\/p>\r\n\r\n\r\n\r\n<p class=\"wp-block-paragraph\">Together, these examples reveal a shared \u201ccooling strategy\u201d across Turkey\u2019s diverse climates \u2014 elevation as a way to protect the authentic voice of native varieties.<\/p>\r\n\r\n\r\n\r\n<h2>\u201cHow High Can You Go?\u201d \u2014 Global Comparisons<\/h2>\r\n\r\n\r\n\r\n<p class=\"wp-block-paragraph\">In the Andes, the vineyards of Salta above 3,000 m are not just record-breaking curiosities but stylistic frontiers: intense UV exposure and wide diurnal ranges yield concentrated yet vibrant wines. The Tibetan example, meanwhile, illustrates the technical and logistical extremes of high-altitude viticulture.\nSeen in this light, Turkish producers working between 1,000 \u2013 1,200 m operate in a globally significant range \u2014 a strategic band where freshness, structure, and identity converge.\u00a0\u00a0<\/p>\r\n\r\n\r\n\r\n<h2>Climate Change: Not an Escape to Altitude, But Its Smart Use<\/h2>\r\n\r\n\r\n\r\n<p class=\"wp-block-paragraph\">Climate models suggest that many coastal and low-lying regions may struggle with economic sustainability, while cooler zones and high plateaus will gain importance. But \u201cjust go higher\u201d isn\u2019t a solution. Altitude brings its own hazards: spring frost, wind stress, water scarcity, erosion.\nTrue sustainability lies in smart vineyard design \u2014 choosing the right slope and aspect, maintaining ground cover, managing windbreaks, and capturing water effectively.\u00a0\u00a0<\/p>\r\n\r\n\r\n\r\n<h2>\u201cWhat About the Numbers?\u201d \u2014 The Data Gap<\/h2>\r\n\r\n\r\n\r\n<p class=\"wp-block-paragraph\">At a global scale, there is no publicly verified dataset showing the proportion of vineyards located between 1,000\u20132,000 m or above 2,000 m. Academic studies map climatic classifications, but few translate elevation bands into percentages of total vineyard area.\nThis gap itself is telling: the industry would benefit from combining satellite-based elevation layers with official vineyard inventories to produce a transparent \u201caltitude map\u201d of viticulture.\u00a0\u00a0<\/p>\r\n\r\n\r\n\r\n<p class=\"wp-block-paragraph\">In Turkey, the topography speaks for itself \u2014 57 % of the land lies above 1,000 m. The examples of Elmal\u0131 (~1,100 m), Cappadocia (1,000\u20131,200 m), and Elaz\u0131\u011f (~900 m) show how these altitudes help local varieties maintain freshness and stylistic consistency, especially during hot summers.\u00a0\u00a0<\/p>\r\n\r\n\r\n\r\n<h2>Conclusion: Altitude as Strategy, Not a Number<\/h2>\r\n\r\n\r\n\r\n<p class=\"wp-block-paragraph\">Y\u00fckseklik, art\u0131k yaln\u0131z \u201cso\u011fuk risk\u201d de\u011fil, dengeli olgunla\u015fman\u0131n ve stil netli\u011finin anahtar\u0131. Elmal\u0131, Kapadokya ve Elaz\u0131\u011f-Diyarbak\u0131r gibi sahalarda bu anahtar, yerli \u00e7e\u015fitlerin \u00f6zg\u00fcn anlat\u0131s\u0131n\u0131 korumaya yard\u0131mc\u0131 oluyor. D\u00fcnya ba\u011fc\u0131l\u0131\u011f\u0131 \u0131s\u0131nan iklimle ba\u015f ederken, y\u00fckselti ak\u0131ll\u0131 kullan\u0131ld\u0131\u011f\u0131nda hem kalite hem s\u00fcrd\u00fcr\u00fclebilirlik i\u00e7in ciddi bir ara\u00e7. Fakat tek ba\u015f\u0131na yeterli de\u011fil: toprak-e\u011fim-y\u00f6nelim \u00fc\u00e7geni, su ve erozyon y\u00f6netimi, don riskine kar\u015f\u0131 teknik \u00f6nlemlerle birlikte d\u00fc\u015f\u00fcn\u00fclmeli. Y\u00fcksek rak\u0131ml\u0131 ba\u011flar; do\u011fru yerde, do\u011fru asmayla ve do\u011fru zamanda, \u015farab\u0131n gizli ritmini tutturmak i\u00e7in g\u00fc\u00e7l\u00fc bir metronom.<\/p>\r\n<p>Bu yaz\u0131 ilginizi \u00e7ektiyse, a\u015fa\u011f\u0131daki yaz\u0131lar\u0131n da \u00fczerlerine dokunarak g\u00f6z atabilirsiniz.<\/p>\r\n<p><a href=\"https:\/\/www.wayanatapas.com\/en\/anadolunun-teruar-haritasi-turkiyenin-bag-bolgeleri\/\" target=\"_blank\" rel=\"noopener\"><span style=\"color: #3366ff;\"><strong data-start=\"3886\" data-end=\"3917\">Anadolu&#8217;nun Teruar Haritas\u0131<\/strong><\/span><\/a><\/p>\r\n<p><a href=\"https:\/\/www.wayanatapas.com\/en\/teruar-nedir-matematiksel-bir-formulle-aciklanabilir-mi\/\" target=\"_blank\" rel=\"noopener\"><span style=\"color: #3366ff;\"><strong data-start=\"3920\" data-end=\"3966\">Teruar Matematiksel Olarak \u00d6l\u00e7\u00fclebilir mi?<\/strong><\/span><\/a><\/p>\r\n<p><a href=\"https:\/\/www.wayanatapas.com\/en\/unutulmus-bir-teruvarin-yeniden-canlanisi-elmali\/\" target=\"_blank\" rel=\"noopener\"><span style=\"color: #3366ff;\"><strong data-start=\"3969\" data-end=\"3987\">Elmal\u0131 Teruar\u0131<\/strong><\/span><\/a><\/p>\r\n<p><a href=\"https:\/\/www.wayanatapas.com\/en\/anadolunun-teruar-haritasi-turkiyenin-bag-bolgeleri\/\" target=\"_blank\" rel=\"noopener\"><span style=\"color: #3366ff;\"><strong data-start=\"3990\" data-end=\"4007\">\u0130znik Teruar\u0131<\/strong><\/span><\/a><\/p>\r\n<p><a href=\"https:\/\/www.wayanatapas.com\/en\/old-vines-2025-yasli-asmalarin-sarap-dunyasindaki-yukselisi\/\" target=\"_blank\" rel=\"noopener\"><span style=\"color: #3366ff;\"><strong data-start=\"4010\" data-end=\"4028\">Old Vines 2025<\/strong><\/span><\/a><\/p>\r\n<p><a href=\"https:\/\/www.wayanatapas.com\/en\/sarapta-asidite-nedir\/\" target=\"_blank\" rel=\"noopener\"><span style=\"color: #3366ff;\"><strong data-start=\"4031\" data-end=\"4050\">\u015earapta Asidite<\/strong><\/span><\/a><\/p>\r\n<p><a href=\"https:\/\/www.wayanatapas.com\/en\/sarapta-ciceksi-aromalar-nasil-olusur-floral-yapinin-bilimi\/\" target=\"_blank\" rel=\"noopener\"><span style=\"color: #3366ff;\"><strong data-start=\"4053\" data-end=\"4081\">\u015earaptaki Floral Yap\u0131 Nas\u0131l Olu\u015fur?<\/strong><\/span><\/a><\/p>\r\n\r\n\r\n\r\n<figure class=\"wp-block-image size-full\"><img decoding=\"async\" width=\"920\" height=\"609\" class=\"wp-image-991928\" src=\"https:\/\/www.wayanatapas.com\/wp-content\/uploads\/2025\/10\/13-19-Ekim-Yukselti-Gorseli-1.jpeg\" alt=\"\" srcset=\"https:\/\/www.wayanatapas.com\/wp-content\/uploads\/2025\/10\/13-19-Ekim-Yukselti-Gorseli-1.jpeg 920w, https:\/\/www.wayanatapas.com\/wp-content\/uploads\/2025\/10\/13-19-Ekim-Yukselti-Gorseli-1-300x199.jpeg 300w, https:\/\/www.wayanatapas.com\/wp-content\/uploads\/2025\/10\/13-19-Ekim-Yukselti-Gorseli-1-768x508.jpeg 768w, https:\/\/www.wayanatapas.com\/wp-content\/uploads\/2025\/10\/13-19-Ekim-Yukselti-Gorseli-1-18x12.jpeg 18w, https:\/\/www.wayanatapas.com\/wp-content\/uploads\/2025\/10\/13-19-Ekim-Yukselti-Gorseli-1-630x417.jpeg 630w, https:\/\/www.wayanatapas.com\/wp-content\/uploads\/2025\/10\/13-19-Ekim-Yukselti-Gorseli-1-315x209.jpeg 315w\" sizes=\"(max-width: 920px) 100vw, 920px\" \/><\/figure>\r\n<\/div><!-- .vgblk-rw-wrapper -->","protected":false},"excerpt":{"rendered":"<p>Y\u00fcksek rak\u0131ml\u0131 ba\u011flar neden daha canl\u0131 asiditeye, daha belirgin aromalara ve farkl\u0131 bir olgunla\u015fma s\u00fcrecine sahip \u00fcz\u00fcmler yeti\u015ftirir? Bu yaz\u0131da rak\u0131m\u0131n s\u0131cakl\u0131k, g\u00fcne\u015flenme, g\u00fcnd\u00fcz-gece s\u0131cakl\u0131k fark\u0131 ve \u00fcz\u00fcm kalitesi \u00fczerindeki etkilerini bilimsel temelleriyle inceliyoruz.<\/p>","protected":false},"author":2,"featured_media":991927,"comment_status":"open","ping_status":"open","sticky":false,"template":"","format":"standard","meta":{"_joinchat":[],"footnotes":""},"categories":[263],"tags":[419,211,843,840,226,389,227,842,792,841],"class_list":["post-991926","post","type-post","status-publish","format-standard","has-post-thumbnail","hentry","category-sarap-bolgeleri","tag-anadolu-teruarlari","tag-bagcilik","tag-iklim","tag-rakim","tag-sarap-bilimi","tag-sarap-egitimi","tag-teruar","tag-uzum-kalitesi","tag-wayana-akademi","tag-yuksek-rakimli-baglar"],"yoast_head":"<!-- This site is optimized with the Yoast SEO plugin v27.7 - https:\/\/yoast.com\/product\/yoast-seo-wordpress\/ -->\n<title>Y\u00fcksek Rak\u0131ml\u0131 Ba\u011flar: Ba\u011f\u0131n Deniz Seviyesinden Y\u00fcksekli\u011fi \u015earab\u0131 Nas\u0131l Etkiler? - Wayana Wine Bar<\/title>\n<meta name=\"description\" content=\"Y\u00fcksek rak\u0131ml\u0131 ba\u011flar \u015farab\u0131 neden farkl\u0131la\u015ft\u0131r\u0131r? Rak\u0131m\u0131n s\u0131cakl\u0131k, asidite, aroma geli\u015fimi ve \u00fcz\u00fcm kalitesi \u00fczerindeki etkilerini bilimsel veriler \u0131\u015f\u0131\u011f\u0131nda inceliyoruz.\" \/>\n<meta name=\"robots\" content=\"index, follow, max-snippet:-1, max-image-preview:large, max-video-preview:-1\" \/>\n<link rel=\"canonical\" href=\"https:\/\/www.wayanatapas.com\/en\/yuksek-rakimli-baglar\/\" \/>\n<meta property=\"og:locale\" content=\"en_US\" \/>\n<meta property=\"og:type\" content=\"article\" \/>\n<meta property=\"og:title\" content=\"Y\u00fcksek Rak\u0131ml\u0131 Ba\u011flar: Ba\u011f\u0131n Deniz Seviyesinden Y\u00fcksekli\u011fi \u015earab\u0131 Nas\u0131l Etkiler? - Wayana Wine Bar\" \/>\n<meta property=\"og:description\" content=\"Y\u00fcksek rak\u0131ml\u0131 ba\u011flar \u015farab\u0131 neden farkl\u0131la\u015ft\u0131r\u0131r? Rak\u0131m\u0131n s\u0131cakl\u0131k, asidite, aroma geli\u015fimi ve \u00fcz\u00fcm kalitesi \u00fczerindeki etkilerini bilimsel veriler \u0131\u015f\u0131\u011f\u0131nda inceliyoruz.\" \/>\n<meta property=\"og:url\" content=\"https:\/\/www.wayanatapas.com\/en\/yuksek-rakimli-baglar\/\" \/>\n<meta property=\"og:site_name\" content=\"Wayana Wine Bar\" \/>\n<meta property=\"article:publisher\" content=\"https:\/\/www.facebook.com\/wayanatapas\/\" \/>\n<meta property=\"article:published_time\" content=\"2025-10-10T20:54:49+00:00\" \/>\n<meta property=\"article:modified_time\" content=\"2026-07-18T19:33:37+00:00\" \/>\n<meta property=\"og:image\" content=\"https:\/\/www.wayanatapas.com\/wp-content\/uploads\/2025\/10\/13-19-Ekim-Yukselti-Gorseli-2.jpeg\" \/>\n\t<meta property=\"og:image:width\" content=\"920\" \/>\n\t<meta property=\"og:image:height\" content=\"609\" \/>\n\t<meta property=\"og:image:type\" content=\"image\/jpeg\" \/>\n<meta name=\"author\" content=\"Cenap Kuzuo\u011flu\" \/>\n<meta name=\"twitter:card\" content=\"summary_large_image\" \/>\n<meta name=\"twitter:label1\" content=\"Written by\" \/>\n\t<meta name=\"twitter:data1\" content=\"Cenap Kuzuo\u011flu\" \/>\n\t<meta name=\"twitter:label2\" content=\"Est. reading time\" \/>\n\t<meta name=\"twitter:data2\" content=\"7 minutes\" \/>\n<script type=\"application\/ld+json\" class=\"yoast-schema-graph\">{\"@context\":\"https:\\\/\\\/schema.org\",\"@graph\":[{\"@type\":\"Article\",\"@id\":\"https:\\\/\\\/www.wayanatapas.com\\\/yuksek-rakimli-baglar\\\/#article\",\"isPartOf\":{\"@id\":\"https:\\\/\\\/www.wayanatapas.com\\\/yuksek-rakimli-baglar\\\/\"},\"author\":{\"name\":\"Cenap Kuzuo\u011flu\",\"@id\":\"https:\\\/\\\/www.wayanatapas.com\\\/#\\\/schema\\\/person\\\/851ceffa51197e2af70b71c125f2bd04\"},\"headline\":\"Y\u00fcksek Rak\u0131ml\u0131 Ba\u011flar: Ba\u011f\u0131n Deniz Seviyesinden Y\u00fcksekli\u011fi \u015earab\u0131 Nas\u0131l Etkiler?\",\"datePublished\":\"2025-10-10T20:54:49+00:00\",\"dateModified\":\"2026-07-18T19:33:37+00:00\",\"mainEntityOfPage\":{\"@id\":\"https:\\\/\\\/www.wayanatapas.com\\\/yuksek-rakimli-baglar\\\/\"},\"wordCount\":1499,\"commentCount\":0,\"publisher\":{\"@id\":\"https:\\\/\\\/www.wayanatapas.com\\\/#organization\"},\"image\":{\"@id\":\"https:\\\/\\\/www.wayanatapas.com\\\/yuksek-rakimli-baglar\\\/#primaryimage\"},\"thumbnailUrl\":\"https:\\\/\\\/www.wayanatapas.com\\\/wp-content\\\/uploads\\\/2025\\\/10\\\/13-19-Ekim-Yukselti-Gorseli-2.jpeg\",\"keywords\":[\"Anadolu Teruarlar\u0131\",\"ba\u011fc\u0131l\u0131k\",\"\u0130klim\",\"Rak\u0131m\",\"\u015farap bilimi\",\"\u015earap E\u011fitimi\",\"teruar\",\"\u00dcz\u00fcm Kalitesi\",\"WAYANA Akademi\",\"Y\u00fcksek Rak\u0131ml\u0131 Ba\u011flar\"],\"articleSection\":[\"\u015earap B\u00f6lgeleri\"],\"inLanguage\":\"en-US\",\"potentialAction\":[{\"@type\":\"CommentAction\",\"name\":\"Comment\",\"target\":[\"https:\\\/\\\/www.wayanatapas.com\\\/yuksek-rakimli-baglar\\\/#respond\"]}]},{\"@type\":\"WebPage\",\"@id\":\"https:\\\/\\\/www.wayanatapas.com\\\/yuksek-rakimli-baglar\\\/\",\"url\":\"https:\\\/\\\/www.wayanatapas.com\\\/yuksek-rakimli-baglar\\\/\",\"name\":\"Y\u00fcksek Rak\u0131ml\u0131 Ba\u011flar: Ba\u011f\u0131n Deniz Seviyesinden Y\u00fcksekli\u011fi \u015earab\u0131 Nas\u0131l Etkiler? - Wayana Wine Bar\",\"isPartOf\":{\"@id\":\"https:\\\/\\\/www.wayanatapas.com\\\/#website\"},\"primaryImageOfPage\":{\"@id\":\"https:\\\/\\\/www.wayanatapas.com\\\/yuksek-rakimli-baglar\\\/#primaryimage\"},\"image\":{\"@id\":\"https:\\\/\\\/www.wayanatapas.com\\\/yuksek-rakimli-baglar\\\/#primaryimage\"},\"thumbnailUrl\":\"https:\\\/\\\/www.wayanatapas.com\\\/wp-content\\\/uploads\\\/2025\\\/10\\\/13-19-Ekim-Yukselti-Gorseli-2.jpeg\",\"datePublished\":\"2025-10-10T20:54:49+00:00\",\"dateModified\":\"2026-07-18T19:33:37+00:00\",\"description\":\"Y\u00fcksek rak\u0131ml\u0131 ba\u011flar \u015farab\u0131 neden farkl\u0131la\u015ft\u0131r\u0131r? Rak\u0131m\u0131n s\u0131cakl\u0131k, asidite, aroma geli\u015fimi ve \u00fcz\u00fcm kalitesi \u00fczerindeki etkilerini bilimsel veriler \u0131\u015f\u0131\u011f\u0131nda inceliyoruz.\",\"breadcrumb\":{\"@id\":\"https:\\\/\\\/www.wayanatapas.com\\\/yuksek-rakimli-baglar\\\/#breadcrumb\"},\"inLanguage\":\"en-US\",\"potentialAction\":[{\"@type\":\"ReadAction\",\"target\":[\"https:\\\/\\\/www.wayanatapas.com\\\/yuksek-rakimli-baglar\\\/\"]}]},{\"@type\":\"ImageObject\",\"inLanguage\":\"en-US\",\"@id\":\"https:\\\/\\\/www.wayanatapas.com\\\/yuksek-rakimli-baglar\\\/#primaryimage\",\"url\":\"https:\\\/\\\/www.wayanatapas.com\\\/wp-content\\\/uploads\\\/2025\\\/10\\\/13-19-Ekim-Yukselti-Gorseli-2.jpeg\",\"contentUrl\":\"https:\\\/\\\/www.wayanatapas.com\\\/wp-content\\\/uploads\\\/2025\\\/10\\\/13-19-Ekim-Yukselti-Gorseli-2.jpeg\",\"width\":920,\"height\":609},{\"@type\":\"BreadcrumbList\",\"@id\":\"https:\\\/\\\/www.wayanatapas.com\\\/yuksek-rakimli-baglar\\\/#breadcrumb\",\"itemListElement\":[{\"@type\":\"ListItem\",\"position\":1,\"name\":\"Anasayfa\",\"item\":\"https:\\\/\\\/www.wayanatapas.com\\\/\"},{\"@type\":\"ListItem\",\"position\":2,\"name\":\"Y\u00fcksek Rak\u0131ml\u0131 Ba\u011flar: Ba\u011f\u0131n Deniz Seviyesinden Y\u00fcksekli\u011fi \u015earab\u0131 Nas\u0131l Etkiler?\"}]},{\"@type\":\"WebSite\",\"@id\":\"https:\\\/\\\/www.wayanatapas.com\\\/#website\",\"url\":\"https:\\\/\\\/www.wayanatapas.com\\\/\",\"name\":\"Wayana Wine Bar\",\"description\":\"Wayana Tapas\",\"publisher\":{\"@id\":\"https:\\\/\\\/www.wayanatapas.com\\\/#organization\"},\"potentialAction\":[{\"@type\":\"SearchAction\",\"target\":{\"@type\":\"EntryPoint\",\"urlTemplate\":\"https:\\\/\\\/www.wayanatapas.com\\\/?s={search_term_string}\"},\"query-input\":{\"@type\":\"PropertyValueSpecification\",\"valueRequired\":true,\"valueName\":\"search_term_string\"}}],\"inLanguage\":\"en-US\"},{\"@type\":\"Organization\",\"@id\":\"https:\\\/\\\/www.wayanatapas.com\\\/#organization\",\"name\":\"Wayana Wine Bar\",\"url\":\"https:\\\/\\\/www.wayanatapas.com\\\/\",\"logo\":{\"@type\":\"ImageObject\",\"inLanguage\":\"en-US\",\"@id\":\"https:\\\/\\\/www.wayanatapas.com\\\/#\\\/schema\\\/logo\\\/image\\\/\",\"url\":\"https:\\\/\\\/www.wayanatapas.com\\\/wp-content\\\/uploads\\\/2023\\\/11\\\/LOGOTYPE-WAYANA-03.png\",\"contentUrl\":\"https:\\\/\\\/www.wayanatapas.com\\\/wp-content\\\/uploads\\\/2023\\\/11\\\/LOGOTYPE-WAYANA-03.png\",\"width\":626,\"height\":209,\"caption\":\"Wayana Wine Bar\"},\"image\":{\"@id\":\"https:\\\/\\\/www.wayanatapas.com\\\/#\\\/schema\\\/logo\\\/image\\\/\"},\"sameAs\":[\"https:\\\/\\\/www.facebook.com\\\/wayanatapas\\\/\",\"https:\\\/\\\/www.instagram.com\\\/wayanatapas\\\/\"]},{\"@type\":\"Person\",\"@id\":\"https:\\\/\\\/www.wayanatapas.com\\\/#\\\/schema\\\/person\\\/851ceffa51197e2af70b71c125f2bd04\",\"name\":\"Cenap Kuzuo\u011flu\",\"image\":{\"@type\":\"ImageObject\",\"inLanguage\":\"en-US\",\"@id\":\"https:\\\/\\\/www.wayanatapas.com\\\/wp-content\\\/litespeed\\\/avatar\\\/509c698570a62b522be70b8c4d2aab53.jpg?ver=1788217750\",\"url\":\"https:\\\/\\\/www.wayanatapas.com\\\/wp-content\\\/litespeed\\\/avatar\\\/509c698570a62b522be70b8c4d2aab53.jpg?ver=1788217750\",\"contentUrl\":\"https:\\\/\\\/www.wayanatapas.com\\\/wp-content\\\/litespeed\\\/avatar\\\/509c698570a62b522be70b8c4d2aab53.jpg?ver=1788217750\",\"caption\":\"Cenap Kuzuo\u011flu\"},\"url\":\"https:\\\/\\\/www.wayanatapas.com\\\/en\\\/author\\\/cenapkuzuoglu\\\/\"}]}<\/script>\n<!-- \/ Yoast SEO plugin. -->","yoast_head_json":{"title":"Y\u00fcksek Rak\u0131ml\u0131 Ba\u011flar: Ba\u011f\u0131n Deniz Seviyesinden Y\u00fcksekli\u011fi \u015earab\u0131 Nas\u0131l Etkiler? - Wayana Wine Bar","description":"Y\u00fcksek rak\u0131ml\u0131 ba\u011flar \u015farab\u0131 neden farkl\u0131la\u015ft\u0131r\u0131r? Rak\u0131m\u0131n s\u0131cakl\u0131k, asidite, aroma geli\u015fimi ve \u00fcz\u00fcm kalitesi \u00fczerindeki etkilerini bilimsel veriler \u0131\u015f\u0131\u011f\u0131nda inceliyoruz.","robots":{"index":"index","follow":"follow","max-snippet":"max-snippet:-1","max-image-preview":"max-image-preview:large","max-video-preview":"max-video-preview:-1"},"canonical":"https:\/\/www.wayanatapas.com\/en\/yuksek-rakimli-baglar\/","og_locale":"en_US","og_type":"article","og_title":"Y\u00fcksek Rak\u0131ml\u0131 Ba\u011flar: Ba\u011f\u0131n Deniz Seviyesinden Y\u00fcksekli\u011fi \u015earab\u0131 Nas\u0131l Etkiler? - Wayana Wine Bar","og_description":"Y\u00fcksek rak\u0131ml\u0131 ba\u011flar \u015farab\u0131 neden farkl\u0131la\u015ft\u0131r\u0131r? Rak\u0131m\u0131n s\u0131cakl\u0131k, asidite, aroma geli\u015fimi ve \u00fcz\u00fcm kalitesi \u00fczerindeki etkilerini bilimsel veriler \u0131\u015f\u0131\u011f\u0131nda inceliyoruz.","og_url":"https:\/\/www.wayanatapas.com\/en\/yuksek-rakimli-baglar\/","og_site_name":"Wayana Wine Bar","article_publisher":"https:\/\/www.facebook.com\/wayanatapas\/","article_published_time":"2025-10-10T20:54:49+00:00","article_modified_time":"2026-07-18T19:33:37+00:00","og_image":[{"width":920,"height":609,"url":"https:\/\/www.wayanatapas.com\/wp-content\/uploads\/2025\/10\/13-19-Ekim-Yukselti-Gorseli-2.jpeg","type":"image\/jpeg"}],"author":"Cenap Kuzuo\u011flu","twitter_card":"summary_large_image","twitter_misc":{"Written by":"Cenap Kuzuo\u011flu","Est. reading time":"7 minutes"},"schema":{"@context":"https:\/\/schema.org","@graph":[{"@type":"Article","@id":"https:\/\/www.wayanatapas.com\/yuksek-rakimli-baglar\/#article","isPartOf":{"@id":"https:\/\/www.wayanatapas.com\/yuksek-rakimli-baglar\/"},"author":{"name":"Cenap Kuzuo\u011flu","@id":"https:\/\/www.wayanatapas.com\/#\/schema\/person\/851ceffa51197e2af70b71c125f2bd04"},"headline":"Y\u00fcksek Rak\u0131ml\u0131 Ba\u011flar: Ba\u011f\u0131n Deniz Seviyesinden Y\u00fcksekli\u011fi \u015earab\u0131 Nas\u0131l Etkiler?","datePublished":"2025-10-10T20:54:49+00:00","dateModified":"2026-07-18T19:33:37+00:00","mainEntityOfPage":{"@id":"https:\/\/www.wayanatapas.com\/yuksek-rakimli-baglar\/"},"wordCount":1499,"commentCount":0,"publisher":{"@id":"https:\/\/www.wayanatapas.com\/#organization"},"image":{"@id":"https:\/\/www.wayanatapas.com\/yuksek-rakimli-baglar\/#primaryimage"},"thumbnailUrl":"https:\/\/www.wayanatapas.com\/wp-content\/uploads\/2025\/10\/13-19-Ekim-Yukselti-Gorseli-2.jpeg","keywords":["Anadolu Teruarlar\u0131","ba\u011fc\u0131l\u0131k","\u0130klim","Rak\u0131m","\u015farap bilimi","\u015earap E\u011fitimi","teruar","\u00dcz\u00fcm Kalitesi","WAYANA Akademi","Y\u00fcksek Rak\u0131ml\u0131 Ba\u011flar"],"articleSection":["\u015earap B\u00f6lgeleri"],"inLanguage":"en-US","potentialAction":[{"@type":"CommentAction","name":"Comment","target":["https:\/\/www.wayanatapas.com\/yuksek-rakimli-baglar\/#respond"]}]},{"@type":"WebPage","@id":"https:\/\/www.wayanatapas.com\/yuksek-rakimli-baglar\/","url":"https:\/\/www.wayanatapas.com\/yuksek-rakimli-baglar\/","name":"Y\u00fcksek Rak\u0131ml\u0131 Ba\u011flar: Ba\u011f\u0131n Deniz Seviyesinden Y\u00fcksekli\u011fi \u015earab\u0131 Nas\u0131l Etkiler? - Wayana Wine Bar","isPartOf":{"@id":"https:\/\/www.wayanatapas.com\/#website"},"primaryImageOfPage":{"@id":"https:\/\/www.wayanatapas.com\/yuksek-rakimli-baglar\/#primaryimage"},"image":{"@id":"https:\/\/www.wayanatapas.com\/yuksek-rakimli-baglar\/#primaryimage"},"thumbnailUrl":"https:\/\/www.wayanatapas.com\/wp-content\/uploads\/2025\/10\/13-19-Ekim-Yukselti-Gorseli-2.jpeg","datePublished":"2025-10-10T20:54:49+00:00","dateModified":"2026-07-18T19:33:37+00:00","description":"Y\u00fcksek rak\u0131ml\u0131 ba\u011flar \u015farab\u0131 neden farkl\u0131la\u015ft\u0131r\u0131r? Rak\u0131m\u0131n s\u0131cakl\u0131k, asidite, aroma geli\u015fimi ve \u00fcz\u00fcm kalitesi \u00fczerindeki etkilerini bilimsel veriler \u0131\u015f\u0131\u011f\u0131nda inceliyoruz.","breadcrumb":{"@id":"https:\/\/www.wayanatapas.com\/yuksek-rakimli-baglar\/#breadcrumb"},"inLanguage":"en-US","potentialAction":[{"@type":"ReadAction","target":["https:\/\/www.wayanatapas.com\/yuksek-rakimli-baglar\/"]}]},{"@type":"ImageObject","inLanguage":"en-US","@id":"https:\/\/www.wayanatapas.com\/yuksek-rakimli-baglar\/#primaryimage","url":"https:\/\/www.wayanatapas.com\/wp-content\/uploads\/2025\/10\/13-19-Ekim-Yukselti-Gorseli-2.jpeg","contentUrl":"https:\/\/www.wayanatapas.com\/wp-content\/uploads\/2025\/10\/13-19-Ekim-Yukselti-Gorseli-2.jpeg","width":920,"height":609},{"@type":"BreadcrumbList","@id":"https:\/\/www.wayanatapas.com\/yuksek-rakimli-baglar\/#breadcrumb","itemListElement":[{"@type":"ListItem","position":1,"name":"Anasayfa","item":"https:\/\/www.wayanatapas.com\/"},{"@type":"ListItem","position":2,"name":"Y\u00fcksek Rak\u0131ml\u0131 Ba\u011flar: Ba\u011f\u0131n Deniz Seviyesinden Y\u00fcksekli\u011fi \u015earab\u0131 Nas\u0131l Etkiler?"}]},{"@type":"WebSite","@id":"https:\/\/www.wayanatapas.com\/#website","url":"https:\/\/www.wayanatapas.com\/","name":"Wayana Wine Bar","description":"Wayana Tapas","publisher":{"@id":"https:\/\/www.wayanatapas.com\/#organization"},"potentialAction":[{"@type":"SearchAction","target":{"@type":"EntryPoint","urlTemplate":"https:\/\/www.wayanatapas.com\/?s={search_term_string}"},"query-input":{"@type":"PropertyValueSpecification","valueRequired":true,"valueName":"search_term_string"}}],"inLanguage":"en-US"},{"@type":"Organization","@id":"https:\/\/www.wayanatapas.com\/#organization","name":"Wayana Wine Bar","url":"https:\/\/www.wayanatapas.com\/","logo":{"@type":"ImageObject","inLanguage":"en-US","@id":"https:\/\/www.wayanatapas.com\/#\/schema\/logo\/image\/","url":"https:\/\/www.wayanatapas.com\/wp-content\/uploads\/2023\/11\/LOGOTYPE-WAYANA-03.png","contentUrl":"https:\/\/www.wayanatapas.com\/wp-content\/uploads\/2023\/11\/LOGOTYPE-WAYANA-03.png","width":626,"height":209,"caption":"Wayana Wine Bar"},"image":{"@id":"https:\/\/www.wayanatapas.com\/#\/schema\/logo\/image\/"},"sameAs":["https:\/\/www.facebook.com\/wayanatapas\/","https:\/\/www.instagram.com\/wayanatapas\/"]},{"@type":"Person","@id":"https:\/\/www.wayanatapas.com\/#\/schema\/person\/851ceffa51197e2af70b71c125f2bd04","name":"Cenap Kuzuo\u011flu","image":{"@type":"ImageObject","inLanguage":"en-US","@id":"https:\/\/www.wayanatapas.com\/wp-content\/litespeed\/avatar\/509c698570a62b522be70b8c4d2aab53.jpg?ver=1788217750","url":"https:\/\/www.wayanatapas.com\/wp-content\/litespeed\/avatar\/509c698570a62b522be70b8c4d2aab53.jpg?ver=1788217750","contentUrl":"https:\/\/www.wayanatapas.com\/wp-content\/litespeed\/avatar\/509c698570a62b522be70b8c4d2aab53.jpg?ver=1788217750","caption":"Cenap Kuzuo\u011flu"},"url":"https:\/\/www.wayanatapas.com\/en\/author\/cenapkuzuoglu\/"}]}},"_links":{"self":[{"href":"https:\/\/www.wayanatapas.com\/en\/wp-json\/wp\/v2\/posts\/991926","targetHints":{"allow":["GET"]}}],"collection":[{"href":"https:\/\/www.wayanatapas.com\/en\/wp-json\/wp\/v2\/posts"}],"about":[{"href":"https:\/\/www.wayanatapas.com\/en\/wp-json\/wp\/v2\/types\/post"}],"author":[{"embeddable":true,"href":"https:\/\/www.wayanatapas.com\/en\/wp-json\/wp\/v2\/users\/2"}],"replies":[{"embeddable":true,"href":"https:\/\/www.wayanatapas.com\/en\/wp-json\/wp\/v2\/comments?post=991926"}],"version-history":[{"count":4,"href":"https:\/\/www.wayanatapas.com\/en\/wp-json\/wp\/v2\/posts\/991926\/revisions"}],"predecessor-version":[{"id":993071,"href":"https:\/\/www.wayanatapas.com\/en\/wp-json\/wp\/v2\/posts\/991926\/revisions\/993071"}],"wp:featuredmedia":[{"embeddable":true,"href":"https:\/\/www.wayanatapas.com\/en\/wp-json\/wp\/v2\/media\/991927"}],"wp:attachment":[{"href":"https:\/\/www.wayanatapas.com\/en\/wp-json\/wp\/v2\/media?parent=991926"}],"wp:term":[{"taxonomy":"category","embeddable":true,"href":"https:\/\/www.wayanatapas.com\/en\/wp-json\/wp\/v2\/categories?post=991926"},{"taxonomy":"post_tag","embeddable":true,"href":"https:\/\/www.wayanatapas.com\/en\/wp-json\/wp\/v2\/tags?post=991926"}],"curies":[{"name":"wp","href":"https:\/\/api.w.org\/{rel}","templated":true}]}}